{"id":11402,"date":"2017-11-15T08:33:43","date_gmt":"2017-11-15T07:33:43","guid":{"rendered":"http:\/\/www.messinaoggi.it\/website\/?p=11402"},"modified":"2017-11-15T08:33:43","modified_gmt":"2017-11-15T07:33:43","slug":"messina-in-prima-fila-contro-la-violenza-sulle-donne-arriva-una-panchina-per-la-vita","status":"publish","type":"post","link":"https:\/\/www.messinaoggi.it\/website\/2017\/11\/15\/messina-in-prima-fila-contro-la-violenza-sulle-donne-arriva-una-panchina-per-la-vita\/","title":{"rendered":"Messina in prima fila contro la violenza sulle donne: arriva Una panchina per la vita"},"content":{"rendered":"<p><span style=\"font-family: Arial, sans-serif\">Messina \u00e8 ancora in prima fila contro la violenza di genere. Infatti, proseguir\u00e0 per tutto il mese di novembre la gi\u00e0 nota campagna di sensibilizzazione &#8216;Posto occupato&#8217;, ma non solo: questo gioved\u00ec prender\u00e0 avvio anche l&#8217;iniziativa &#8216;Una panchina per la vita&#8217;: \u201cQuest\u2019altra iniziativa deve ricordarci \u2013 ha spiegato l\u2019assessora alle Pari opportunit\u00e0, Nina Santisi \u2013 che l\u2019impegno su questo tema proprio per il suo carattere strutturale deve essere quotidiano e non confinato ad eventi celebrativi&#8221;.<\/span><br \/>\n<span style=\"font-family: Arial, sans-serif\">L&#8217;iniziativa consiste nel posizionare una panchina rossa in un luogo significativo della citt\u00e0 per la massima divulgazione del messaggio, nel caso messinese nella piazza antistante il Tribunale (Palazzo Piacentini), dove si daranno appuntamento alle ore 10 e 30 le autorit\u00e0 istituzionali e la societ\u00e0 civile.<\/span><br \/>\n<span style=\"font-family: Arial, sans-serif\">&#8220;Una grande sfida \u2013 ha proseguito Santisi \u2013 \u00e8 l\u2019educazione all\u2019affettivit\u00e0 e alla relazione tra uomo e donna che deve responsabilizzarci su interventi educativi ai pi\u00f9 giovani\u201d. Per questo motivo, si \u00e8 deciso anche di coinvolgere le scuole attraverso gli interventi degli studenti del Conservatorio Corelli di Messina e dell\u2019Istituto Superiore La Farina-Basile.<\/span><br \/>\n<span style=\"font-family: Arial, sans-serif\">Dopo gli interventi delle autorit\u00e0 e delle associazioni, la manifestazione si concluder\u00e0 con le testimonianze significative e dirette delle mamme di due giovanissime vittime della bieca violenza femminicida, Vera Squadrito in memoria di Giordana, uccisa dal suo ex compagno, e Giovanna Zizzo, in memoria della piccola Laura uccisa dal padre per vendetta contro la moglie. Queste due mamme sono promotrici in Sicilia del progetto della Panchina Rossa, gi\u00e0 portato avanti nei comuni di Taormina, Giardini, Furci Siculo, Al\u00ec Terme, Savoca e Roccalumera. <\/span><div id=\"div-gpt-ad-Messinaoggi.it-DSK-300x250-corpoart\" style=\"text-align:center;margin:0 auto;\"><\/div><\/p>\n<div id=\"videoincontent\" style=\"clear:both\";><\/div>","protected":false},"excerpt":{"rendered":"<p>Messina \u00e8 ancora in prima fila contro la violenza di genere. Infatti, proseguir\u00e0 per tutto il mese di novembre la gi\u00e0 nota campagna di sensibilizzazione &#8216;Posto occupato&#8217;, ma non solo: questo gioved\u00ec prender\u00e0 avvio anche l&#8217;iniziativa &#8216;Una panchina per la vita&#8217;: \u201cQuest\u2019altra iniziativa deve ricordarci \u2013 ha spiegato l\u2019assessora alle Pari opportunit\u00e0, Nina Santisi \u2013 [&hellip;]<\/p>\n","protected":false},"author":8,"featured_media":8589,"comment_status":"closed","ping_status":"open","sticky":false,"template":"","format":"standard","meta":{"ub_ctt_via":"","_mi_skip_tracking":false},"categories":[5],"tags":[],"featured_image_src":"https:\/\/www.messinaoggi.it\/website\/wp-content\/uploads\/2017\/09\/violenza-sulle-donne-manifestazione-cgil-2.jpeg","author_info":{"display_name":"red..me","author_link":"https:\/\/www.messinaoggi.it\/website\/author\/redstage\/"},"digistream_id":0,"digistream":false,"_links":{"self":[{"href":"https:\/\/www.messinaoggi.it\/website\/wp-json\/wp\/v2\/posts\/11402"}],"collection":[{"href":"https:\/\/www.messinaoggi.it\/website\/wp-json\/wp\/v2\/posts"}],"about":[{"href":"https:\/\/www.messinaoggi.it\/website\/wp-json\/wp\/v2\/types\/post"}],"author":[{"embeddable":true,"href":"https:\/\/www.messinaoggi.it\/website\/wp-json\/wp\/v2\/users\/8"}],"replies":[{"embeddable":true,"href":"https:\/\/www.messinaoggi.it\/website\/wp-json\/wp\/v2\/comments?post=11402"}],"version-history":[{"count":0,"href":"https:\/\/www.messinaoggi.it\/website\/wp-json\/wp\/v2\/posts\/11402\/revisions"}],"wp:featuredmedia":[{"embeddable":true,"href":"https:\/\/www.messinaoggi.it\/website\/wp-json\/wp\/v2\/media\/8589"}],"wp:attachment":[{"href":"https:\/\/www.messinaoggi.it\/website\/wp-json\/wp\/v2\/media?parent=11402"}],"wp:term":[{"taxonomy":"category","embeddable":true,"href":"https:\/\/www.messinaoggi.it\/website\/wp-json\/wp\/v2\/categories?post=11402"},{"taxonomy":"post_tag","embeddable":true,"href":"https:\/\/www.messinaoggi.it\/website\/wp-json\/wp\/v2\/tags?post=11402"}],"curies":[{"name":"wp","href":"https:\/\/api.w.org\/{rel}","templated":true}]}}