{"id":113994,"date":"2022-07-11T09:07:55","date_gmt":"2022-07-11T07:07:55","guid":{"rendered":"https:\/\/www.messinaoggi.it\/website\/2022\/07\/11\/morto-angelo-guglielmi-fu-lo-storico-direttore-di-rai3\/"},"modified":"2022-07-11T09:07:55","modified_gmt":"2022-07-11T07:07:55","slug":"morto-angelo-guglielmi-fu-lo-storico-direttore-di-rai3","status":"publish","type":"post","link":"https:\/\/www.messinaoggi.it\/website\/2022\/07\/11\/morto-angelo-guglielmi-fu-lo-storico-direttore-di-rai3\/","title":{"rendered":"Morto Angelo Guglielmi, fu lo storico direttore di Rai3"},"content":{"rendered":"<div>ROMA (ITALPRESS) &#8211; E&#8217; morto nella notte a Roma Angelo Guglielmi, storico direttore di Rai3. Nato ad Arona il 2 aprile del 1929, dopo aver ottenuto nel 1951 la laurea in lettere all&#8217;Universit\u00e0 di Bologna insegna per qualche anno nelle scuole medie di Cento e Ferrara, nel 1954 supera il concorso per entrare alla Rai, dal 1976 al 1987 fu capostruttura di Rai1. Tra i programmi da lui ideati si ricorda Bont\u00e0 loro, storica trasmissione condotta da Maurizio Costanzo. Prima di divenire direttore di Rai3, \u00e8 stato a capo del Centro di produzione Rai di via Teulada in Roma.<br \/>\nScrive per Paese Sera e per il Corriere della Sera, nonch\u00e8 su numerose riviste e fonda il collettivo letterario neo-avanguardista Gruppo 63 con Umberto Eco ed Edoardo Sanguineti.<br \/>\nDal 1987 al 1994 ricopre la carica di secondo direttore di Rai3: rilevata da Giuseppe Rossini, la trasforma in un canale dinamico e innovativo, introducendo per primo in Italia il concetto di Tv verit\u00e0. Sotto la sua direzione nascono programmi cult come Telefono giallo, Samarcanda, Linea rovente, Un giorno in pretura, La Tv delle ragazze, Blob, Chi l&#8217;ha visto?, Mi manda Lubrano (poi divenuto Mi manda Raitre), Io confesso, Magazine 3, Avanzi, Ultimo minuto, Quelli che il calcio (passato nel 1998 su Rai2), Da Storia Nasce Storia, Tunnel e Storie maledette, e vengono lanciati personaggi come Corrado Augias, Michele Santoro, Donatella Raffai, Roberta Petrelluzzi, Serena Dandini, Fabio Fazio, Piero Chiambretti, Giuliano Ferrara, Daniele Luttazzi e Franca Leosini. Di Guglielmi fu l&#8217;idea di mettere in bianco e nero e fra virgolette rosse le annunciatrici dei programmi. Svolge in tutti questi anni l&#8217;attivit\u00e0 di critico letterario (soprattutto su l&#8217;Espresso) e diventa uno dei pi\u00f9 temuti critici della nuova narrativa italiana. Dal 1995 al 2001 \u00e8 presidente e amministratore delegato dell&#8217;Istituto Luce. Dal 2004 al 2009 venne chiamato da Sergio Cofferati nella giunta comunale di Bologna in qualit\u00e0 di assessore alla cultura.<br \/>\n(ITALPRESS).<br \/>\n-foto agenziafotogramma.it-<\/div>\n<div id=\"div-gpt-ad-Messinaoggi.it-DSK-300x250-corpoart\" style=\"text-align:center;margin:0 auto;\"><\/div><\/p><div id=\"videoincontent\" style=\"clear:both\";><\/div>","protected":false},"excerpt":{"rendered":"<p>ROMA (ITALPRESS) &#8211; E&#8217; morto nella notte a Roma Angelo Guglielmi, storico direttore di Rai3. Nato ad Arona il 2 aprile del 1929, dopo aver ottenuto nel 1951 la laurea in lettere all&#8217;Universit\u00e0 di Bologna insegna per qualche anno nelle scuole medie di Cento e Ferrara, nel 1954 supera il concorso per entrare alla Rai, [&hellip;]<\/p>\n","protected":false},"author":18,"featured_media":113995,"comment_status":"closed","ping_status":"closed","sticky":false,"template":"","format":"standard","meta":{"ub_ctt_via":"","_mi_skip_tracking":false},"categories":[446],"tags":[783],"featured_image_src":"https:\/\/www.messinaoggi.it\/website\/wp-content\/uploads\/2022\/07\/20220711_0105.jpg","author_info":{"display_name":"Admin","author_link":"https:\/\/www.messinaoggi.it\/website\/author\/admin\/"},"digistream_id":0,"digistream":false,"_links":{"self":[{"href":"https:\/\/www.messinaoggi.it\/website\/wp-json\/wp\/v2\/posts\/113994"}],"collection":[{"href":"https:\/\/www.messinaoggi.it\/website\/wp-json\/wp\/v2\/posts"}],"about":[{"href":"https:\/\/www.messinaoggi.it\/website\/wp-json\/wp\/v2\/types\/post"}],"author":[{"embeddable":true,"href":"https:\/\/www.messinaoggi.it\/website\/wp-json\/wp\/v2\/users\/18"}],"replies":[{"embeddable":true,"href":"https:\/\/www.messinaoggi.it\/website\/wp-json\/wp\/v2\/comments?post=113994"}],"version-history":[{"count":0,"href":"https:\/\/www.messinaoggi.it\/website\/wp-json\/wp\/v2\/posts\/113994\/revisions"}],"wp:featuredmedia":[{"embeddable":true,"href":"https:\/\/www.messinaoggi.it\/website\/wp-json\/wp\/v2\/media\/113995"}],"wp:attachment":[{"href":"https:\/\/www.messinaoggi.it\/website\/wp-json\/wp\/v2\/media?parent=113994"}],"wp:term":[{"taxonomy":"category","embeddable":true,"href":"https:\/\/www.messinaoggi.it\/website\/wp-json\/wp\/v2\/categories?post=113994"},{"taxonomy":"post_tag","embeddable":true,"href":"https:\/\/www.messinaoggi.it\/website\/wp-json\/wp\/v2\/tags?post=113994"}],"curies":[{"name":"wp","href":"https:\/\/api.w.org\/{rel}","templated":true}]}}