{"id":113888,"date":"2022-07-09T07:24:06","date_gmt":"2022-07-09T05:24:06","guid":{"rendered":"http:\/\/www.messinaoggi.it\/website\/?p=113888"},"modified":"2022-07-09T07:24:08","modified_gmt":"2022-07-09T05:24:08","slug":"messinaservizi-danni-incendio-stimati-in-100mila-euro","status":"publish","type":"post","link":"https:\/\/www.messinaoggi.it\/website\/2022\/07\/09\/messinaservizi-danni-incendio-stimati-in-100mila-euro\/","title":{"rendered":"Messinaservizi: &#8220;Danni incendio stimati in 100mila euro&#8221;"},"content":{"rendered":"\n<p>Tutto sotto controllo all&#8217;area ex Decon gestita da Messinaservizi, in seguito ad un incendio che si \u00e8 sviluppato in mattinata. Grazie difatti all&#8217;intervento\u00a0 celere ed efficace dei vigili del fuoco che hanno domato\u00a0 \u00a0l&#8217;incendio\u00a0 in tempi brevi e grazie alla collaborazione degli operatori di Messinaservizi,\u00a0 i danni sono stati contenuti. Incendio circoscritto solo ad una porzione dell\u2019area esterna del sito, bruciati solo dei contenitori, tanto che il danno momentaneamente \u00e8 contenuto ed \u00e8 stimato sui centomila euro, anche se sar\u00e0 valutato meglio nei prossimi giorni. L&#8217;area interessata era coperta da assicurazione. Nessuna attivit\u00e0 della Messinaservizi \u00e8 stata compromessa dall\u2019incendio e si proseguir\u00e0 con i consueti servizi.\u00a0 La polizia municipale sta indagando su quanto accaduto, il rogo sarebbe stato appiccato dall&#8217;esterno.<div id=\"div-gpt-ad-Messinaoggi.it-DSK-300x250-corpoart\" style=\"text-align:center;margin:0 auto;\"><\/div><\/p>\n<div id=\"videoincontent\" style=\"clear:both\";><\/div>","protected":false},"excerpt":{"rendered":"<p>Tutto sotto controllo all&#8217;area ex Decon gestita da Messinaservizi, in seguito ad un incendio che si \u00e8 sviluppato in mattinata. Grazie difatti all&#8217;intervento\u00a0 celere ed efficace dei vigili del fuoco che hanno domato\u00a0 \u00a0l&#8217;incendio\u00a0 in tempi brevi e grazie alla collaborazione degli operatori di Messinaservizi,\u00a0 i danni sono stati contenuti. Incendio circoscritto solo ad una [&hellip;]<\/p>\n","protected":false},"author":4,"featured_media":113889,"comment_status":"open","ping_status":"open","sticky":false,"template":"","format":"standard","meta":{"ub_ctt_via":"","_mi_skip_tracking":false},"categories":[6],"tags":[4764],"featured_image_src":"https:\/\/www.messinaoggi.it\/website\/wp-content\/uploads\/2022\/07\/Vigili-del-fuoco-incendio-Messinaservizi.jpg","author_info":{"display_name":"redme","author_link":"https:\/\/www.messinaoggi.it\/website\/author\/redme\/"},"digistream_id":0,"digistream":false,"_links":{"self":[{"href":"https:\/\/www.messinaoggi.it\/website\/wp-json\/wp\/v2\/posts\/113888"}],"collection":[{"href":"https:\/\/www.messinaoggi.it\/website\/wp-json\/wp\/v2\/posts"}],"about":[{"href":"https:\/\/www.messinaoggi.it\/website\/wp-json\/wp\/v2\/types\/post"}],"author":[{"embeddable":true,"href":"https:\/\/www.messinaoggi.it\/website\/wp-json\/wp\/v2\/users\/4"}],"replies":[{"embeddable":true,"href":"https:\/\/www.messinaoggi.it\/website\/wp-json\/wp\/v2\/comments?post=113888"}],"version-history":[{"count":1,"href":"https:\/\/www.messinaoggi.it\/website\/wp-json\/wp\/v2\/posts\/113888\/revisions"}],"predecessor-version":[{"id":113890,"href":"https:\/\/www.messinaoggi.it\/website\/wp-json\/wp\/v2\/posts\/113888\/revisions\/113890"}],"wp:featuredmedia":[{"embeddable":true,"href":"https:\/\/www.messinaoggi.it\/website\/wp-json\/wp\/v2\/media\/113889"}],"wp:attachment":[{"href":"https:\/\/www.messinaoggi.it\/website\/wp-json\/wp\/v2\/media?parent=113888"}],"wp:term":[{"taxonomy":"category","embeddable":true,"href":"https:\/\/www.messinaoggi.it\/website\/wp-json\/wp\/v2\/categories?post=113888"},{"taxonomy":"post_tag","embeddable":true,"href":"https:\/\/www.messinaoggi.it\/website\/wp-json\/wp\/v2\/tags?post=113888"}],"curies":[{"name":"wp","href":"https:\/\/api.w.org\/{rel}","templated":true}]}}