{"id":113843,"date":"2022-07-08T19:07:54","date_gmt":"2022-07-08T17:07:54","guid":{"rendered":"https:\/\/www.messinaoggi.it\/website\/2022\/07\/08\/berlusconi-il-centro-ce-gia-e-forza-italia\/"},"modified":"2022-07-08T19:07:54","modified_gmt":"2022-07-08T17:07:54","slug":"berlusconi-il-centro-ce-gia-e-forza-italia","status":"publish","type":"post","link":"https:\/\/www.messinaoggi.it\/website\/2022\/07\/08\/berlusconi-il-centro-ce-gia-e-forza-italia\/","title":{"rendered":"Berlusconi \u201cIl centro c\u2019\u00e8 gi\u00e0, \u00e8 Forza Italia\u201d"},"content":{"rendered":"<div>ROMA (ITALPRESS) &#8211; &#8220;Ho letto che qualcuno parla di &#8220;costruire un centro politico&#8221; del Paese. Vorrei ricordare a questi signori, e a tutti voi, che il centro siamo noi. Il centro \u00e8 Forza Italia, che in Italia \u00e8 un partito indispensabile perch\u00e8 costituisce la testimonianza e la continuazione della tradizione liberale, cristiana, garantista, europeista, dei principi e dei valori della societ\u00e0 occidentale&#8221;. Cos\u00ec il leader di Forza Italia, Silvio Berlusconi, in un video su Facebook.<div id=\"div-gpt-ad-Messinaoggi.it-DSK-300x250-corpoart\" style=\"text-align:center;margin:0 auto;\"><\/div><\/p>\n<p>&#8211; foto agenziafotogramma.it &#8211;<div id=\"videoincontent\" style=\"clear:both\";><\/div><\/p>\n<p>(ITALPRESS).<\/p><\/div>\n","protected":false},"excerpt":{"rendered":"<p>ROMA (ITALPRESS) &#8211; &#8220;Ho letto che qualcuno parla di &#8220;costruire un centro politico&#8221; del Paese. Vorrei ricordare a questi signori, e a tutti voi, che il centro siamo noi. Il centro \u00e8 Forza Italia, che in Italia \u00e8 un partito indispensabile perch\u00e8 costituisce la testimonianza e la continuazione della tradizione liberale, cristiana, garantista, europeista, dei [&hellip;]<\/p>\n","protected":false},"author":18,"featured_media":113844,"comment_status":"closed","ping_status":"closed","sticky":false,"template":"","format":"standard","meta":{"ub_ctt_via":"","_mi_skip_tracking":false},"categories":[446],"tags":[783],"featured_image_src":"https:\/\/www.messinaoggi.it\/website\/wp-content\/uploads\/2022\/07\/20220708_1877.jpg","author_info":{"display_name":"Admin","author_link":"https:\/\/www.messinaoggi.it\/website\/author\/admin\/"},"digistream_id":0,"digistream":false,"_links":{"self":[{"href":"https:\/\/www.messinaoggi.it\/website\/wp-json\/wp\/v2\/posts\/113843"}],"collection":[{"href":"https:\/\/www.messinaoggi.it\/website\/wp-json\/wp\/v2\/posts"}],"about":[{"href":"https:\/\/www.messinaoggi.it\/website\/wp-json\/wp\/v2\/types\/post"}],"author":[{"embeddable":true,"href":"https:\/\/www.messinaoggi.it\/website\/wp-json\/wp\/v2\/users\/18"}],"replies":[{"embeddable":true,"href":"https:\/\/www.messinaoggi.it\/website\/wp-json\/wp\/v2\/comments?post=113843"}],"version-history":[{"count":0,"href":"https:\/\/www.messinaoggi.it\/website\/wp-json\/wp\/v2\/posts\/113843\/revisions"}],"wp:featuredmedia":[{"embeddable":true,"href":"https:\/\/www.messinaoggi.it\/website\/wp-json\/wp\/v2\/media\/113844"}],"wp:attachment":[{"href":"https:\/\/www.messinaoggi.it\/website\/wp-json\/wp\/v2\/media?parent=113843"}],"wp:term":[{"taxonomy":"category","embeddable":true,"href":"https:\/\/www.messinaoggi.it\/website\/wp-json\/wp\/v2\/categories?post=113843"},{"taxonomy":"post_tag","embeddable":true,"href":"https:\/\/www.messinaoggi.it\/website\/wp-json\/wp\/v2\/tags?post=113843"}],"curies":[{"name":"wp","href":"https:\/\/api.w.org\/{rel}","templated":true}]}}