{"id":113780,"date":"2022-07-08T14:07:55","date_gmt":"2022-07-08T12:07:55","guid":{"rendered":"https:\/\/www.messinaoggi.it\/website\/2022\/07\/08\/visco-sulla-crescita-delleconomia-rischi-significativi\/"},"modified":"2022-07-08T14:07:55","modified_gmt":"2022-07-08T12:07:55","slug":"visco-sulla-crescita-delleconomia-rischi-significativi","status":"publish","type":"post","link":"https:\/\/www.messinaoggi.it\/website\/2022\/07\/08\/visco-sulla-crescita-delleconomia-rischi-significativi\/","title":{"rendered":"Visco \u201cSulla crescita dell\u2019economia rischi significativi\u201d"},"content":{"rendered":"<div>ROMA (ITALPRESS) &#8211; &#8220;L&#8217;economia italiana dovrebbe crescere in linea con l&#8217;area dell&#8217;euro nel biennio 2022-2023. I rischi a livello globale sono per\u00f2 significativi. In questa delicata fase, il contributo che il sistema finanziario \u00e8 chiamato a fornire sul fronte dell&#8217;allocazione dei flussi di credito e del sostegno all&#8217;economia \u00e8 particolarmente importante&#8221;. Lo ha detto il governatore della Banca d&#8217;Italia, Ignazio Visco, intervenendo all&#8217;assemblea annuale dell&#8217;Abi. Quanto all&#8217;inflazione, &#8220;resterebbe molto elevata nella media di quest&#8217;anno; gi\u00e0 nel 2023 mostrerebbe una decisa flessione, per tornare attorno al 2% nel 2024. Nell&#8217;attuale contesto di alta inflazione &#8211; ha spiegato &#8211; \u00e8 tuttavia necessaria una graduale normalizzazione della politica monetaria, che era stata calibrata per contenere le spinte deflazionistiche e recessive durante la fase pi\u00f9 acuta della crisi pandemica. Va contrastato il rischio che, a lungo andare, aumenti dei prezzi eccezionalmente elevati finiscano per incidere sulle aspettative o innescare una rincorsa tra prezzi e salari, sebbene la dinamica di questi ultimi, pur rafforzatasi, resti per il momento moderata&#8221;, ha concluso Visco.<br \/>(ITALPRESS).<br \/>-foto agenziafotogramma.it-<\/div>\n<div id=\"div-gpt-ad-Messinaoggi.it-DSK-300x250-corpoart\" style=\"text-align:center;margin:0 auto;\"><\/div><\/p><div id=\"videoincontent\" style=\"clear:both\";><\/div>","protected":false},"excerpt":{"rendered":"<p>ROMA (ITALPRESS) &#8211; &#8220;L&#8217;economia italiana dovrebbe crescere in linea con l&#8217;area dell&#8217;euro nel biennio 2022-2023. I rischi a livello globale sono per\u00f2 significativi. In questa delicata fase, il contributo che il sistema finanziario \u00e8 chiamato a fornire sul fronte dell&#8217;allocazione dei flussi di credito e del sostegno all&#8217;economia \u00e8 particolarmente importante&#8221;. Lo ha detto il [&hellip;]<\/p>\n","protected":false},"author":18,"featured_media":113781,"comment_status":"closed","ping_status":"closed","sticky":false,"template":"","format":"standard","meta":{"ub_ctt_via":"","_mi_skip_tracking":false},"categories":[446],"tags":[783],"featured_image_src":"https:\/\/www.messinaoggi.it\/website\/wp-content\/uploads\/2022\/07\/20220708_0551.jpg","author_info":{"display_name":"Admin","author_link":"https:\/\/www.messinaoggi.it\/website\/author\/admin\/"},"digistream_id":0,"digistream":false,"_links":{"self":[{"href":"https:\/\/www.messinaoggi.it\/website\/wp-json\/wp\/v2\/posts\/113780"}],"collection":[{"href":"https:\/\/www.messinaoggi.it\/website\/wp-json\/wp\/v2\/posts"}],"about":[{"href":"https:\/\/www.messinaoggi.it\/website\/wp-json\/wp\/v2\/types\/post"}],"author":[{"embeddable":true,"href":"https:\/\/www.messinaoggi.it\/website\/wp-json\/wp\/v2\/users\/18"}],"replies":[{"embeddable":true,"href":"https:\/\/www.messinaoggi.it\/website\/wp-json\/wp\/v2\/comments?post=113780"}],"version-history":[{"count":0,"href":"https:\/\/www.messinaoggi.it\/website\/wp-json\/wp\/v2\/posts\/113780\/revisions"}],"wp:featuredmedia":[{"embeddable":true,"href":"https:\/\/www.messinaoggi.it\/website\/wp-json\/wp\/v2\/media\/113781"}],"wp:attachment":[{"href":"https:\/\/www.messinaoggi.it\/website\/wp-json\/wp\/v2\/media?parent=113780"}],"wp:term":[{"taxonomy":"category","embeddable":true,"href":"https:\/\/www.messinaoggi.it\/website\/wp-json\/wp\/v2\/categories?post=113780"},{"taxonomy":"post_tag","embeddable":true,"href":"https:\/\/www.messinaoggi.it\/website\/wp-json\/wp\/v2\/tags?post=113780"}],"curies":[{"name":"wp","href":"https:\/\/api.w.org\/{rel}","templated":true}]}}