{"id":113772,"date":"2022-07-08T12:02:50","date_gmt":"2022-07-08T10:02:50","guid":{"rendered":"https:\/\/www.messinaoggi.it\/website\/2022\/07\/08\/palermo-i-vigili-del-fuoco-presentano-il-vademecum-su-incendi-boschivi\/"},"modified":"2022-07-08T12:02:50","modified_gmt":"2022-07-08T10:02:50","slug":"palermo-i-vigili-del-fuoco-presentano-il-vademecum-su-incendi-boschivi","status":"publish","type":"post","link":"https:\/\/www.messinaoggi.it\/website\/2022\/07\/08\/palermo-i-vigili-del-fuoco-presentano-il-vademecum-su-incendi-boschivi\/","title":{"rendered":"Palermo, i Vigili del Fuoco presentano il Vademecum su incendi boschivi"},"content":{"rendered":"<div>\n<p>PALERMO (ITALPRESS) \u2013 I Vigili del Fuoco presentano anche a Palermo il vademecum destinato ai cittadini in materia di prevenzione e informazione sugli incendi boschivi, in particolar modo per gli aspetti legati alla protezione delle abitazioni dai tanti roghi che, spinti dalle temperature torride in estate che si riscontrano soprattutto in Sicilia, o causati da incuria e disattenzioni, oltre che dalla vile mano dolosa, sempre pi\u00f9 spesso finiscono per lambire case, aziende agricole e centri abitati. Il Dipartimento dei Vigili del Fuoco, in collaborazione con l\u2019Anci, ha pubblicato a questo proposito un opuscolo dal titolo \u201cProteggere l\u2019abitazione dagli incendi di vegetazione\u201d, una guida pratica per i cittadini nell\u2019ambito di una duplice attivit\u00e0 che i Vigili del Fuoco portano avanti sul fronte degli incendi, quella di intervento unita a quella fondamentale che riguarda la prevenzione. Proprio questo l\u2019aspetto su cui ha premuto, in una conferenza stampa indetta presso la sede del Comando provinciale in via Scarlatti, il comandante dei Vigili del Fuoco di Palermo, Sergio Inzerillo: \u201cOgni volta che inizia l\u2019estate ci si ricorda degli incendi come se fossero situazioni nuove, invece le fronteggiamo da sempre. E\u2019 sbagliato pensare come spesso leggiamo che tutto si risolva con l\u2019intervento degli specialisti e con uno schieramento pi\u00f9 o meno imponente di uomini e mezzi. Serve un\u2019attivit\u00e0 parallela di prevenzione\u201d. <br \/>In collaborazione col Ministero dell\u2019Interno, \u00e8 stato dunque presentato questo opuscolo che mira a fornire ai cittadini strumenti utili per evitare di mettere a rischio la propria incolumit\u00e0 e quella delle abitazioni dagli incendi di vegetazione: \u201cMolti incendi refertati come boschivi sono in realt\u00e0 di sterpaglie e provocano rischi per abitazioni e fattorie. Nel 2021 abbiamo capito che bisognava fare squadra in modo coordinato tra Vigili del Fuoco, Forestali, Protezione Civile e associazioni di volontariato \u2013 ha aggiunto Inzerillo, affrontando il tema dei nuovi approcci nella lotta contro i roghi: La regione \u00e8 partita in anticipo sottoscrivendo una convenzione, abbiamo ora una nuova task force con uomini e mezzi, un portale per geolocalizzare e visionare luoghi, mezzi e risorse idriche utilizzabili, nella speranza di intervenire con efficacia. <br \/>Il convincimento alla base dell\u2019opuscolo che presentiamo \u00e8 che a fronte di evidenti cambiamenti climatici bisogna alzare la cultura della sicurezza del cittadino e mirare a una sua responsabilizzazione\u201d. Come sottolineato nel corso dell\u2019incontro coi cronisti, nel 2021 \u00e8 emerso come gli incendi di vegetazione siano cresciuti sempre di pi\u00f9 negli ultimi anni diventando incendi di interfaccia, vale a dire in zone dove l\u2019interconnessione di vegetazione e aree naturali con strutture antropiche \u00e8 molto forte. E in tal senso, il vademecum consentir\u00e0 ai cittadini di prendere coscienza sul rischio incendi e permetter\u00e0 di avere gli strumenti per valutare se l\u2019abitazione \u00e8 al sicuro, come ridurre il rischio e quali distanze mantenere. <br \/>\u201cL\u2019anno scorso terribili incendi hanno devastato estesi territori della nostra regione \u2013 ha commentato il Prefetto di Palermo, Giuseppe Forlani \u2013 Bisogna mirare alla salvaguardia dei centri abitati, non solo aziende agricole isolate ma anche proprio dei comuni, spesso coinvolti. In questi casi un\u2019attenzione preventiva nell\u2019elaborazione dei piani comunali \u00e8 fondamentale. Abbiamo riflettuto su cosa fare per ridurre il rischio, questo manuale va nella giusta direzione \u2013 ha aggiunto \u2013 E\u2019 utile far conoscere le buone pratiche per mettere in sicurezza se stessi e i propri beni, con modalit\u00e0 di autovalutazione che serve a orientarsi. Serve un sempre pi\u00f9 concreto ausilio a comuni, famiglie e aziende \u2013 ha concluso \u2013 per attuare misure protezione allo scopo di ottenere il miglior risultato possibile\u201d.<div id=\"div-gpt-ad-Messinaoggi.it-DSK-300x250-corpoart\" style=\"text-align:center;margin:0 auto;\"><\/div><\/p>\n<p>foto: Xd7<div id=\"videoincontent\" style=\"clear:both\";><\/div><\/p>\n<p>(ITALPRESS).<\/p>\n<\/div>\n","protected":false},"excerpt":{"rendered":"<p>PALERMO (ITALPRESS) \u2013 I Vigili del Fuoco presentano anche a Palermo il vademecum destinato ai cittadini in materia di prevenzione e informazione sugli incendi boschivi, in particolar modo per gli aspetti legati alla protezione delle abitazioni dai tanti roghi che, spinti dalle temperature torride in estate che si riscontrano soprattutto in Sicilia, o causati da [&hellip;]<\/p>\n","protected":false},"author":18,"featured_media":113773,"comment_status":"closed","ping_status":"closed","sticky":false,"template":"","format":"standard","meta":{"ub_ctt_via":"","_mi_skip_tracking":false},"categories":[2449],"tags":[783],"featured_image_src":"https:\/\/www.messinaoggi.it\/website\/wp-content\/uploads\/2022\/07\/20220708_0385.jpg","author_info":{"display_name":"Admin","author_link":"https:\/\/www.messinaoggi.it\/website\/author\/admin\/"},"digistream_id":0,"digistream":false,"_links":{"self":[{"href":"https:\/\/www.messinaoggi.it\/website\/wp-json\/wp\/v2\/posts\/113772"}],"collection":[{"href":"https:\/\/www.messinaoggi.it\/website\/wp-json\/wp\/v2\/posts"}],"about":[{"href":"https:\/\/www.messinaoggi.it\/website\/wp-json\/wp\/v2\/types\/post"}],"author":[{"embeddable":true,"href":"https:\/\/www.messinaoggi.it\/website\/wp-json\/wp\/v2\/users\/18"}],"replies":[{"embeddable":true,"href":"https:\/\/www.messinaoggi.it\/website\/wp-json\/wp\/v2\/comments?post=113772"}],"version-history":[{"count":0,"href":"https:\/\/www.messinaoggi.it\/website\/wp-json\/wp\/v2\/posts\/113772\/revisions"}],"wp:featuredmedia":[{"embeddable":true,"href":"https:\/\/www.messinaoggi.it\/website\/wp-json\/wp\/v2\/media\/113773"}],"wp:attachment":[{"href":"https:\/\/www.messinaoggi.it\/website\/wp-json\/wp\/v2\/media?parent=113772"}],"wp:term":[{"taxonomy":"category","embeddable":true,"href":"https:\/\/www.messinaoggi.it\/website\/wp-json\/wp\/v2\/categories?post=113772"},{"taxonomy":"post_tag","embeddable":true,"href":"https:\/\/www.messinaoggi.it\/website\/wp-json\/wp\/v2\/tags?post=113772"}],"curies":[{"name":"wp","href":"https:\/\/api.w.org\/{rel}","templated":true}]}}