{"id":11374,"date":"2017-11-14T17:50:41","date_gmt":"2017-11-14T16:50:41","guid":{"rendered":"http:\/\/www.messinaoggi.it\/website\/?p=11374"},"modified":"2017-11-14T17:50:41","modified_gmt":"2017-11-14T16:50:41","slug":"scocozza-tiene-a-battesimo-il-sindacato-dei-liberi-professionisti-messinesi","status":"publish","type":"post","link":"https:\/\/www.messinaoggi.it\/website\/2017\/11\/14\/scocozza-tiene-a-battesimo-il-sindacato-dei-liberi-professionisti-messinesi\/","title":{"rendered":"Scocozza tiene a battesimo il sindacato dei Liberi professionisti messinesi"},"content":{"rendered":"<p>Il Sindacato Nazionale &#8220;Liberi Professionisti\u201d si \u00e8 riunito questa mattina in un locale del centro citt\u00e0. Il presidente zazionale Leonardo Scocozza e il responsabile della Citt\u00e0 Metropolitana di Messin,a Emanuele Morabito si sono incontrati per\u00a0 definire le prossime iniziative e le manifestazioni che si terranno prossimamente in Citt\u00e0 .<br \/>\nLe attivit\u00e0 del sindacato \u201cL.L.P\u201da Messina, a breve, partiranno tante idee suffragate da opinioni sui temi cari alla citt\u00e0, dai trasporti alla politica, in attesa di una sede. Il nuovo sindacato vuole creare, nella nostra citt\u00e0, qualcosa di nuovo e innovativo .<br \/>\n&#8220;In questi giorni &#8211; si legge in un comunicato stampa &#8211; avvieremo l&#8217;avvio del tesseramento al sindacato, saremo presenti con piccoli eventi, e ai confronti politici rappresenteremo i diritti e problematiche dei lavoratori messinesi&#8221;<div id=\"div-gpt-ad-Messinaoggi.it-DSK-300x250-corpoart\" style=\"text-align:center;margin:0 auto;\"><\/div><\/p>\n<div id=\"videoincontent\" style=\"clear:both\";><\/div>","protected":false},"excerpt":{"rendered":"<p>Il Sindacato Nazionale &#8220;Liberi Professionisti\u201d si \u00e8 riunito questa mattina in un locale del centro citt\u00e0. Il presidente zazionale Leonardo Scocozza e il responsabile della Citt\u00e0 Metropolitana di Messin,a Emanuele Morabito si sono incontrati per\u00a0 definire le prossime iniziative e le manifestazioni che si terranno prossimamente in Citt\u00e0 . Le attivit\u00e0 del sindacato \u201cL.L.P\u201da Messina, [&hellip;]<\/p>\n","protected":false},"author":2,"featured_media":11375,"comment_status":"closed","ping_status":"open","sticky":false,"template":"","format":"standard","meta":{"ub_ctt_via":"","_mi_skip_tracking":false},"categories":[5],"tags":[],"featured_image_src":"https:\/\/www.messinaoggi.it\/website\/wp-content\/uploads\/2017\/11\/SINDACATO-LIBERI-PROFESSIONISTI.jpg","author_info":{"display_name":"Redazione","author_link":"https:\/\/www.messinaoggi.it\/website\/author\/redazione\/"},"digistream_id":0,"digistream":false,"_links":{"self":[{"href":"https:\/\/www.messinaoggi.it\/website\/wp-json\/wp\/v2\/posts\/11374"}],"collection":[{"href":"https:\/\/www.messinaoggi.it\/website\/wp-json\/wp\/v2\/posts"}],"about":[{"href":"https:\/\/www.messinaoggi.it\/website\/wp-json\/wp\/v2\/types\/post"}],"author":[{"embeddable":true,"href":"https:\/\/www.messinaoggi.it\/website\/wp-json\/wp\/v2\/users\/2"}],"replies":[{"embeddable":true,"href":"https:\/\/www.messinaoggi.it\/website\/wp-json\/wp\/v2\/comments?post=11374"}],"version-history":[{"count":0,"href":"https:\/\/www.messinaoggi.it\/website\/wp-json\/wp\/v2\/posts\/11374\/revisions"}],"wp:featuredmedia":[{"embeddable":true,"href":"https:\/\/www.messinaoggi.it\/website\/wp-json\/wp\/v2\/media\/11375"}],"wp:attachment":[{"href":"https:\/\/www.messinaoggi.it\/website\/wp-json\/wp\/v2\/media?parent=11374"}],"wp:term":[{"taxonomy":"category","embeddable":true,"href":"https:\/\/www.messinaoggi.it\/website\/wp-json\/wp\/v2\/categories?post=11374"},{"taxonomy":"post_tag","embeddable":true,"href":"https:\/\/www.messinaoggi.it\/website\/wp-json\/wp\/v2\/tags?post=11374"}],"curies":[{"name":"wp","href":"https:\/\/api.w.org\/{rel}","templated":true}]}}