{"id":113475,"date":"2022-07-06T14:07:51","date_gmt":"2022-07-06T12:07:51","guid":{"rendered":"https:\/\/www.messinaoggi.it\/website\/2022\/07\/06\/zoff-bearzot-chiave-del-successo-moglie-rossi-rinato-col-brasile\/"},"modified":"2022-07-06T18:46:25","modified_gmt":"2022-07-06T16:46:25","slug":"zoff-bearzot-chiave-del-successo-moglie-rossi-rinato-col-brasile","status":"publish","type":"post","link":"https:\/\/www.messinaoggi.it\/website\/2022\/07\/06\/zoff-bearzot-chiave-del-successo-moglie-rossi-rinato-col-brasile\/","title":{"rendered":"Zoff \u201cBearzot chiave del successo\u201d, Moglie Rossi \u201cRinato col Brasile\u201d"},"content":{"rendered":"<div>ROMA (ITALPRESS) &#8211; &#8220;La parata su Oscar? Quoziente di difficolt\u00e0 notevole non tanto tecnicamente ma per la circostanza, i brasiliani erano a due passi e non potevo respingerla, non potevo dare adito a spostamenti della palla. Mi \u00e8 passato in mente l&#8217;amichevole con la Romania, in cui avevano dato gol ed ero 20 centimetri fuori&#8221;. Lo ha dichiarato Dino Zoff, in collegamento per la rubrica &#8220;Primo Piano &#8211; Spagna &#8217;82, i 40 anni&#8221; dell&#8217;agenzia Italpress condotta da Claudio Brachino. &#8220;La chiave del successo? Il comandante, che era Bearzot, e il concetto di gruppo &#8211; sottolinea l&#8217;ex capitano azzurro &#8211; E&#8217; una conseguenza del modo di pensare del comandante che d\u00e0 le direttive, che si seguivano con particolare piacere. Non era uno feroce, era un p\u00f2 come un padre nella conduzione di una famiglia&#8221; ha aggiunto Zoff. &#8220;Ho assaporato il momento meglio di altri, per me c&#8217;era la consapevolezza dell&#8217;ultima in assoluto. Ho toccato il cielo e sono stato in gloria per alcuni momenti, poi sappiamo che nello sport dura poco. Ero pi\u00f9 di un portavoce, ero il capitano. In campo internazionale non si pu\u00f2 parlare a vanvera, ho detto &#8216;ci penso io, voi pensate a giocar\u00e8. Bisognava usare le parole giuste e non troppe. Seconda mancata qualificazione ai Mondiali? Ricordo quando siamo usciti al primo turno nel &#8217;74 e dopo il Messico quando fu invasa Fiumicino. Adesso se ne parla ma poi va tutto in cavalleria&#8221;. Presente in studio, con il direttore editoriale dell&#8217;agenzia Italpress Italo Cucci, anche la moglie di Paolo Rossi, Federica Cappelletti. &#8220;Italia-Brasile \u00e8 stata la sua partita, quella della sua rinascita, perch\u00e8 poi da l\u00ec \u00e8 diventato leggenda. Raccontava di essere sceso in campo con una forza diversa&#8221; ha detto. &#8220;Diceva di sentire dentro qualcosa. Da l\u00ec ha ritrovato la sicurezza e la determinazione&#8221;. E a proposito dei festeggiamenti dopo la finale ha aggiunto:&#8221;Raccontava di essersi staccato dagli altri e di essersi steso in terra col tricolore, di aver provato un&#8217;emozione unica, di essere orgoglioso di rappresentare gli italiani e che avrebbe voluto fermare il tempo &#8211; ricorda Cappelletti &#8211; Paolo \u00e8 stato straordinario come pap\u00e0 e marito, una figura sempre presente e romantica. Una persona leale, che c&#8217;era sempre nei momenti importanti&#8221;.<br \/>&#8211; foto Italpress &#8211;<br \/>(ITALPRESS).<\/div>\n<div id=\"div-gpt-ad-Messinaoggi.it-DSK-300x250-corpoart\" style=\"text-align:center;margin:0 auto;\"><\/div><\/p><div id=\"videoincontent\" style=\"clear:both\";><\/div>","protected":false},"excerpt":{"rendered":"<p>ROMA (ITALPRESS) &#8211; &#8220;La parata su Oscar? Quoziente di difficolt\u00e0 notevole non tanto tecnicamente ma per la circostanza, i brasiliani erano a due passi e non potevo respingerla, non potevo dare adito a spostamenti della palla. Mi \u00e8 passato in mente l&#8217;amichevole con la Romania, in cui avevano dato gol ed ero 20 centimetri fuori&#8221;. [&hellip;]<\/p>\n","protected":false},"author":18,"featured_media":113476,"comment_status":"closed","ping_status":"closed","sticky":false,"template":"","format":"standard","meta":{"ub_ctt_via":"","_mi_skip_tracking":false},"categories":[10,446,9],"tags":[783],"featured_image_src":"https:\/\/www.messinaoggi.it\/website\/wp-content\/uploads\/2022\/07\/20220706_0748.jpg","author_info":{"display_name":"Admin","author_link":"https:\/\/www.messinaoggi.it\/website\/author\/admin\/"},"digistream_id":0,"digistream":false,"_links":{"self":[{"href":"https:\/\/www.messinaoggi.it\/website\/wp-json\/wp\/v2\/posts\/113475"}],"collection":[{"href":"https:\/\/www.messinaoggi.it\/website\/wp-json\/wp\/v2\/posts"}],"about":[{"href":"https:\/\/www.messinaoggi.it\/website\/wp-json\/wp\/v2\/types\/post"}],"author":[{"embeddable":true,"href":"https:\/\/www.messinaoggi.it\/website\/wp-json\/wp\/v2\/users\/18"}],"replies":[{"embeddable":true,"href":"https:\/\/www.messinaoggi.it\/website\/wp-json\/wp\/v2\/comments?post=113475"}],"version-history":[{"count":1,"href":"https:\/\/www.messinaoggi.it\/website\/wp-json\/wp\/v2\/posts\/113475\/revisions"}],"predecessor-version":[{"id":113523,"href":"https:\/\/www.messinaoggi.it\/website\/wp-json\/wp\/v2\/posts\/113475\/revisions\/113523"}],"wp:featuredmedia":[{"embeddable":true,"href":"https:\/\/www.messinaoggi.it\/website\/wp-json\/wp\/v2\/media\/113476"}],"wp:attachment":[{"href":"https:\/\/www.messinaoggi.it\/website\/wp-json\/wp\/v2\/media?parent=113475"}],"wp:term":[{"taxonomy":"category","embeddable":true,"href":"https:\/\/www.messinaoggi.it\/website\/wp-json\/wp\/v2\/categories?post=113475"},{"taxonomy":"post_tag","embeddable":true,"href":"https:\/\/www.messinaoggi.it\/website\/wp-json\/wp\/v2\/tags?post=113475"}],"curies":[{"name":"wp","href":"https:\/\/api.w.org\/{rel}","templated":true}]}}