{"id":113435,"date":"2022-07-06T10:47:50","date_gmt":"2022-07-06T08:47:50","guid":{"rendered":"https:\/\/www.messinaoggi.it\/website\/2022\/07\/06\/musumeci-lagalla-a-cantiere-viale-regione-a-palermo-riapre-a-settembre\/"},"modified":"2022-07-06T10:50:18","modified_gmt":"2022-07-06T08:50:18","slug":"musumeci-lagalla-a-cantiere-viale-regione-a-palermo-riapre-a-settembre","status":"publish","type":"post","link":"https:\/\/www.messinaoggi.it\/website\/2022\/07\/06\/musumeci-lagalla-a-cantiere-viale-regione-a-palermo-riapre-a-settembre\/","title":{"rendered":"Musumeci-Lagalla a cantiere Viale Regione a Palermo \u201cRiapre a settembre\u201d"},"content":{"rendered":"<div>\n<p>PALERMO (ITALPRESS) \u2013 \u201cE\u2019 una vergogna l\u2019esperienza di questo cantiere. Abbiamo strappato all\u2019impresa insieme al sindaco Lagalla l\u2019impegno che il primo di settembre possa essere riaperta la strada. Ma questo cantiere rimane purtroppo una delle vergogne di quest\u2019area. I disagi sono sotto gli occhi di tutti, per fortuna ormai siamo alle ultime settimane\u201d. E\u2019 questo il commento del presidente della Regione Siciliana, Nello Musumeci, a margine del suo sopralluogo, insieme al sindaco Roberto Lagalla, nell\u2019area del cosiddetto \u201ctappo\u201d di Viale Regione Siciliana a Palermo, dove da oltre venti mesi perdurano i lavori in un cantiere che ha costretto alla chiusura di un tratto dell\u2019arteria principale della citt\u00e0, costringendo gli automobilisti a lunghe code nella corsia parallela sotto il sole. Tutto era cominciato a novembre 2022 con i lavori di consolidamento dell\u2019area interessata dal canale Mortillaro. Rispetto ai due mesi inizialmente previsti, un crollo sotterraneo proprio dove gli operai stavano lavorando hanno portato a un lungo stallo, con la chiusura del primo intervento a dicembre 2021, dopo oltre un anno. A quel punto, \u00e8 intervenuta la Regione Siciliana con un nuovo bando, aggiudicato dalla ditta Mondello a febbraio 2022. <br \/>Quattro mesi previsti per il completamento dei lavori, ma le difficolt\u00e0 nel reperimento delle materie prime hanno portato a uno slittamento. La nuova data prevista per la riapertura del tratto di Viale Regione all\u2019altezza di via Principe di Patern\u00f2 \u00e8 ora fissata per l\u2019inizio di settembre: \u201cQuando c\u2019\u00e8 rimpallo di responsabilit\u00e0 o non sufficiente consapevolezza del ruolo da svolgere, possono accadere queste cose \u2013 ha aggiunto il governatore siciliano \u2013 Noi come Regione Siciliana non avevamo ruolo, siamo entrati in azione nel mese di febbraio e il calendario \u00e8 rispettato, abbiamo assicurato il finanziamento, proceduto all\u2019espletamento della gara d\u2019appalto, consegnato i lavori all\u2019impresa che se li era aggiudicati. Abbiamo fatto solo il nostro dovere \u2013 ha concluso Musumeci \u2013 non intervenire significava mantenere una situazione di stallo danno per la citt\u00e0 e per i cittadini\u201d. <br \/>Gli fa eco il nuovo sindaco Roberto Lagalla, che ha avanzato anche l\u2019idea di possibili soluzioni tampone per decongestionare il traffico in attesa del completamento dei lavori: \u201cQuesta \u00e8 una delle realt\u00e0 con le quali ci siamo dovuti confrontare subito. La sintonia con la Regione e il superamento delle difficolt\u00e0 che si sono determinate nel tempo hanno consentito oggi di poter fissare tempi certi, vale a dire 45 giorni richiesti dall\u2019impresa per la gittata di cemento e per mettere in sicurezza l\u2019area assolvendo a tutte le prove di carico. Avrei preferito tempistiche pi\u00f9 brevi \u2013 ha aggiunto il primo cittadino \u2013 Ma \u00e8 ovvio che noi recuperiamo semplicemente quello che si \u00e8 perso in questi anni. I palermitani sono fortemente disturbati dal ritardo di questo cantiere, \u00e8 il primo che cerchiamo di rimuovere, vedremo se ci sono anche soluzioni alternative di viabilit\u00e0 per potere decongestionare ulteriormente questa arteria che spazientisce sotto il sole i palermitani\u201d.<div id=\"div-gpt-ad-Messinaoggi.it-DSK-300x250-corpoart\" style=\"text-align:center;margin:0 auto;\"><\/div><\/p>\n<p>\u2013 foto: xd7<div id=\"videoincontent\" style=\"clear:both\";><\/div><\/p>\n<p>(ITALPRESS).<\/p>\n<\/div>\n","protected":false},"excerpt":{"rendered":"<p>PALERMO (ITALPRESS) \u2013 \u201cE\u2019 una vergogna l\u2019esperienza di questo cantiere. Abbiamo strappato all\u2019impresa insieme al sindaco Lagalla l\u2019impegno che il primo di settembre possa essere riaperta la strada. Ma questo cantiere rimane purtroppo una delle vergogne di quest\u2019area. I disagi sono sotto gli occhi di tutti, per fortuna ormai siamo alle ultime settimane\u201d. E\u2019 questo [&hellip;]<\/p>\n","protected":false},"author":18,"featured_media":113436,"comment_status":"closed","ping_status":"closed","sticky":false,"template":"","format":"standard","meta":{"ub_ctt_via":"","_mi_skip_tracking":false},"categories":[11,2449],"tags":[783],"featured_image_src":"https:\/\/www.messinaoggi.it\/website\/wp-content\/uploads\/2022\/07\/20220706_0224.jpg","author_info":{"display_name":"Admin","author_link":"https:\/\/www.messinaoggi.it\/website\/author\/admin\/"},"digistream_id":0,"digistream":false,"_links":{"self":[{"href":"https:\/\/www.messinaoggi.it\/website\/wp-json\/wp\/v2\/posts\/113435"}],"collection":[{"href":"https:\/\/www.messinaoggi.it\/website\/wp-json\/wp\/v2\/posts"}],"about":[{"href":"https:\/\/www.messinaoggi.it\/website\/wp-json\/wp\/v2\/types\/post"}],"author":[{"embeddable":true,"href":"https:\/\/www.messinaoggi.it\/website\/wp-json\/wp\/v2\/users\/18"}],"replies":[{"embeddable":true,"href":"https:\/\/www.messinaoggi.it\/website\/wp-json\/wp\/v2\/comments?post=113435"}],"version-history":[{"count":1,"href":"https:\/\/www.messinaoggi.it\/website\/wp-json\/wp\/v2\/posts\/113435\/revisions"}],"predecessor-version":[{"id":113439,"href":"https:\/\/www.messinaoggi.it\/website\/wp-json\/wp\/v2\/posts\/113435\/revisions\/113439"}],"wp:featuredmedia":[{"embeddable":true,"href":"https:\/\/www.messinaoggi.it\/website\/wp-json\/wp\/v2\/media\/113436"}],"wp:attachment":[{"href":"https:\/\/www.messinaoggi.it\/website\/wp-json\/wp\/v2\/media?parent=113435"}],"wp:term":[{"taxonomy":"category","embeddable":true,"href":"https:\/\/www.messinaoggi.it\/website\/wp-json\/wp\/v2\/categories?post=113435"},{"taxonomy":"post_tag","embeddable":true,"href":"https:\/\/www.messinaoggi.it\/website\/wp-json\/wp\/v2\/tags?post=113435"}],"curies":[{"name":"wp","href":"https:\/\/api.w.org\/{rel}","templated":true}]}}