{"id":113412,"date":"2022-07-06T09:42:11","date_gmt":"2022-07-06T07:42:11","guid":{"rendered":"http:\/\/www.messinaoggi.it\/website\/?p=113412"},"modified":"2022-07-06T09:42:18","modified_gmt":"2022-07-06T07:42:18","slug":"lasp-messina-non-rinnova-i-contratti-covid-polemiche-anche-allars","status":"publish","type":"post","link":"https:\/\/www.messinaoggi.it\/website\/2022\/07\/06\/lasp-messina-non-rinnova-i-contratti-covid-polemiche-anche-allars\/","title":{"rendered":"L\u2019Asp Messina non rinnova i contratti Covid: polemiche anche all\u2019Ars"},"content":{"rendered":"\n<p>Non si spengono le polemiche per il mancato rinnovo, da parte dell\u2019Asp di Messina, dei contratti per il personale impegnato nell\u2019emergenza Covid-19. La scelta dell\u2019Asp di Messina, unico caso in Sicilia, ha lasciato a casa, a partire dal primo luglio, tecnici della prevenzione, assistenti sociali e biologi, psicologi e psicoterapeuti. Data l\u2019eccezionalit\u00e0 dell\u2019evento, la vicenda \u00e8 finita al parlamento regionale, dove deputati di ogni colore politico hanno fortemente criticato la decisione dell\u2019Asp messinese.<div id=\"div-gpt-ad-Messinaoggi.it-DSK-300x250-corpoart\" style=\"text-align:center;margin:0 auto;\"><\/div><\/p>\n\n\n\n<p>\u201cAccade che, in tutte le altre province siciliane, tecnici della prevenzione, biologi tat, assistenti sociali, psicologi abbiano avuto rinnovato il contratto. Mentre cos\u00ec non ha ritenuto di dovere fare l\u2019Asp di Messina\u201d, ha dichiarato <strong>Tommaso Calderone<\/strong>, deputato all\u2019Ars di Forza Italia, in una seduta parlamentare dedicata a questo argomento, alla quale ha partecipato anche l\u2019assessore regionale alla Salute Ruggero Razza. \u201cAllora il problema \u00e8 questo: &#8211; prosegue il deputato &#8211; o i vertici dell\u2019Asp 5 Messina hanno ragione oppure hanno preso un abbaglio i vertici delle altre otto province siciliane. E intanto la curva dei contagi Covid aumenta vertiginosamente.<div id=\"videoincontent\" style=\"clear:both\";><\/div><\/p>\n\n\n\n<p>\u201cQuesto \u00e8 un discorso che va chiarito, una volta per tutte. Lo chiedo a nome di tutto quel personale che si \u00e8 visto troncare il rapporto di lavoro senza nemmeno un preavviso e che non merita questa disparit\u00e0 di trattamento. Io, come deputato del territorio, ho l\u2019obbligo non tanto di preservare quelle categorie professionali, quanto di salvaguardare i cittadini della mia provincia. Se andiamo a togliere figure professionali, andiamo a danneggiare il territorio e la salute dei cittadini\u201d. <\/p>\n\n\n\n<p>All\u2019intervento di Calderone ha fatto seguito quello dell\u2019assessore Razza che, dal canto suo, ha assicurato che si occuper\u00e0 della delicata questione a brevissimo e quindi gi\u00e0 nei prossimi giorni. Rassicurazioni non ritenute sufficientemente concrete dal pentastellato <strong>Antonio De Luca<\/strong>, che al termine della seduta ha dichiarato: \u201cCom\u2019era prevedibile, la seduta della commissione Ars dedicata al mancato rinnovo del contratto libero professionale di circa 150 operatori sanitari, nell\u2019ambito dell\u2019emergenza Covid \u00e8 stata assolutamente infruttuosa, perch\u00e9 non \u00e8 arrivata alcuna rassicurazione concreta\u201d.<\/p>\n\n\n\n<p>\u201cNel corso della seduta \u2013 spiega De Luca &#8211; ho contestato con forza il meccanismo di arruolamento degli psicologi, evidenziando come tra l\u2019altro negli ultimi mesi siano stati chiamati a svolgere funzioni diverse da quelle per cui erano stati assunti, come ad esempio occuparsi della prenotazione dei tamponi, quando invece avrebbero dovuto fornire assistenza psicologica al personale medico in servizio presso le aree Covid e alle persone in quarantena.<\/p>\n\n\n\n<p>\u201cHo quindi fatto esplicita richiesta sia per il reintegro degli psicologi, con le mansioni che competono a queste figure professionali, sia per quello degli psicoterapeuti che, nonostante i brillanti risultati ottenuti durante la prima fase pandemica e nonostante l&#8217;impegno al reintegro entro il 30 aprile assunto dalla Regione, non sono stati pi\u00f9 chiamati a dare il loro prezioso supporto per affrontare l&#8217;emergenza sanitaria.<\/p>\n\n\n\n<p>\u201cHo infine sollecitato la dirigenza dell\u2019Asp di Messina ad attivare nel pi\u00f9 breve tempo possibile i laboratori long Covid, in cui impiegare gli psicoterapeuti che hanno gi\u00e0 acquisito esperienza durante la pandemia, per i quali esiste una circolare dell\u2019Assessorato Regionale alla Salute, ad oggi rimasta inspiegabilmente inattuata\u201d.<\/p>\n","protected":false},"excerpt":{"rendered":"<p>Non si spengono le polemiche per il mancato rinnovo, da parte dell\u2019Asp di Messina, dei contratti per il personale impegnato nell\u2019emergenza Covid-19. La scelta dell\u2019Asp di Messina, unico caso in Sicilia, ha lasciato a casa, a partire dal primo luglio, tecnici della prevenzione, assistenti sociali e biologi, psicologi e psicoterapeuti. Data l\u2019eccezionalit\u00e0 dell\u2019evento, la vicenda [&hellip;]<\/p>\n","protected":false},"author":8,"featured_media":45376,"comment_status":"open","ping_status":"open","sticky":false,"template":"","format":"standard","meta":{"ub_ctt_via":"","_mi_skip_tracking":false},"categories":[6],"tags":[1113,601,40,227,4743,800],"featured_image_src":"https:\/\/www.messinaoggi.it\/website\/wp-content\/uploads\/2020\/07\/10_2020_07_07_20200707_003426.jpg","author_info":{"display_name":"red..me","author_link":"https:\/\/www.messinaoggi.it\/website\/author\/redstage\/"},"digistream_id":0,"digistream":false,"_links":{"self":[{"href":"https:\/\/www.messinaoggi.it\/website\/wp-json\/wp\/v2\/posts\/113412"}],"collection":[{"href":"https:\/\/www.messinaoggi.it\/website\/wp-json\/wp\/v2\/posts"}],"about":[{"href":"https:\/\/www.messinaoggi.it\/website\/wp-json\/wp\/v2\/types\/post"}],"author":[{"embeddable":true,"href":"https:\/\/www.messinaoggi.it\/website\/wp-json\/wp\/v2\/users\/8"}],"replies":[{"embeddable":true,"href":"https:\/\/www.messinaoggi.it\/website\/wp-json\/wp\/v2\/comments?post=113412"}],"version-history":[{"count":1,"href":"https:\/\/www.messinaoggi.it\/website\/wp-json\/wp\/v2\/posts\/113412\/revisions"}],"predecessor-version":[{"id":113413,"href":"https:\/\/www.messinaoggi.it\/website\/wp-json\/wp\/v2\/posts\/113412\/revisions\/113413"}],"wp:featuredmedia":[{"embeddable":true,"href":"https:\/\/www.messinaoggi.it\/website\/wp-json\/wp\/v2\/media\/45376"}],"wp:attachment":[{"href":"https:\/\/www.messinaoggi.it\/website\/wp-json\/wp\/v2\/media?parent=113412"}],"wp:term":[{"taxonomy":"category","embeddable":true,"href":"https:\/\/www.messinaoggi.it\/website\/wp-json\/wp\/v2\/categories?post=113412"},{"taxonomy":"post_tag","embeddable":true,"href":"https:\/\/www.messinaoggi.it\/website\/wp-json\/wp\/v2\/tags?post=113412"}],"curies":[{"name":"wp","href":"https:\/\/api.w.org\/{rel}","templated":true}]}}