{"id":113406,"date":"2022-07-06T00:07:50","date_gmt":"2022-07-05T22:07:50","guid":{"rendered":"https:\/\/www.messinaoggi.it\/website\/2022\/07\/05\/governo-letta-serve-stabilita-spero-chiarimento-conte-draghi\/"},"modified":"2022-07-06T10:27:40","modified_gmt":"2022-07-06T08:27:40","slug":"governo-letta-serve-stabilita-spero-chiarimento-conte-draghi","status":"publish","type":"post","link":"https:\/\/www.messinaoggi.it\/website\/2022\/07\/06\/governo-letta-serve-stabilita-spero-chiarimento-conte-draghi\/","title":{"rendered":"Governo, Letta \u201cServe stabilit\u00e0, spero chiarimento Conte-Draghi\u201d"},"content":{"rendered":"<div>ROMA (ITALPRESS) &#8211; &#8220;Spero che domani ci sia un passo avanti nel chiarimento che ci sar\u00e0 tra Draghi e Conte&#8221;. Lo ha detto il segretario del Pd Enrico Letta a &#8216;In Ond\u00e0 su La7. &#8220;Il nostro Paese &#8211; ha aggiunto &#8211; ha bisogno di stabilit\u00e0, ha bisogno che affronti la pi\u00f9 grande delle sfide come l&#8217;inflazione e, in autunno si intervenga nel taglio del cuneo fiscale e sui salari. E&#8217; una maggioranza difficile perch\u00e8 stiamo insieme in modo abbastanza innaturale&#8221;, ha concluso Letta facendo riferimento alla Lega. <br \/>-foto agenziafotogramma.it- <br \/>(ITALPRESS).<\/div>\n<div id=\"div-gpt-ad-Messinaoggi.it-DSK-300x250-corpoart\" style=\"text-align:center;margin:0 auto;\"><\/div><\/p><div id=\"videoincontent\" style=\"clear:both\";><\/div>","protected":false},"excerpt":{"rendered":"<p>ROMA (ITALPRESS) &#8211; &#8220;Spero che domani ci sia un passo avanti nel chiarimento che ci sar\u00e0 tra Draghi e Conte&#8221;. Lo ha detto il segretario del Pd Enrico Letta a &#8216;In Ond\u00e0 su La7. &#8220;Il nostro Paese &#8211; ha aggiunto &#8211; ha bisogno di stabilit\u00e0, ha bisogno che affronti la pi\u00f9 grande delle sfide come [&hellip;]<\/p>\n","protected":false},"author":18,"featured_media":113407,"comment_status":"closed","ping_status":"closed","sticky":false,"template":"","format":"standard","meta":{"ub_ctt_via":"","_mi_skip_tracking":false},"categories":[446,4],"tags":[783],"featured_image_src":"https:\/\/www.messinaoggi.it\/website\/wp-content\/uploads\/2022\/07\/20220705_2015.jpg","author_info":{"display_name":"Admin","author_link":"https:\/\/www.messinaoggi.it\/website\/author\/admin\/"},"digistream_id":0,"digistream":false,"_links":{"self":[{"href":"https:\/\/www.messinaoggi.it\/website\/wp-json\/wp\/v2\/posts\/113406"}],"collection":[{"href":"https:\/\/www.messinaoggi.it\/website\/wp-json\/wp\/v2\/posts"}],"about":[{"href":"https:\/\/www.messinaoggi.it\/website\/wp-json\/wp\/v2\/types\/post"}],"author":[{"embeddable":true,"href":"https:\/\/www.messinaoggi.it\/website\/wp-json\/wp\/v2\/users\/18"}],"replies":[{"embeddable":true,"href":"https:\/\/www.messinaoggi.it\/website\/wp-json\/wp\/v2\/comments?post=113406"}],"version-history":[{"count":1,"href":"https:\/\/www.messinaoggi.it\/website\/wp-json\/wp\/v2\/posts\/113406\/revisions"}],"predecessor-version":[{"id":113428,"href":"https:\/\/www.messinaoggi.it\/website\/wp-json\/wp\/v2\/posts\/113406\/revisions\/113428"}],"wp:featuredmedia":[{"embeddable":true,"href":"https:\/\/www.messinaoggi.it\/website\/wp-json\/wp\/v2\/media\/113407"}],"wp:attachment":[{"href":"https:\/\/www.messinaoggi.it\/website\/wp-json\/wp\/v2\/media?parent=113406"}],"wp:term":[{"taxonomy":"category","embeddable":true,"href":"https:\/\/www.messinaoggi.it\/website\/wp-json\/wp\/v2\/categories?post=113406"},{"taxonomy":"post_tag","embeddable":true,"href":"https:\/\/www.messinaoggi.it\/website\/wp-json\/wp\/v2\/tags?post=113406"}],"curies":[{"name":"wp","href":"https:\/\/api.w.org\/{rel}","templated":true}]}}