{"id":11336,"date":"2017-11-14T09:00:29","date_gmt":"2017-11-14T08:00:29","guid":{"rendered":"http:\/\/www.messinaoggi.it\/website\/?p=11336"},"modified":"2017-11-14T09:00:29","modified_gmt":"2017-11-14T08:00:29","slug":"teatro-mandanici-sabato-la-consegna-degli-attestati-di-partecipazione-agli-stagisti","status":"publish","type":"post","link":"https:\/\/www.messinaoggi.it\/website\/2017\/11\/14\/teatro-mandanici-sabato-la-consegna-degli-attestati-di-partecipazione-agli-stagisti\/","title":{"rendered":"Teatro Mandanici. Sabato la consegna degli attestati di partecipazione agli stagisti"},"content":{"rendered":"<p>Sabato 18, una data carica di significati, nonch\u00e9 \u00a0una serata densa di grande emozione per\u00a0 i cinque stagisti che proprio quel pomeriggio, alle ore 18.30, nel foyer \u00a0del Teatro Mandanici, riceveranno dalle mani di Tullio\u00a0 Solenghi gli attestati di partecipazione \u00a0a nome dell\u2019Amministrazione comunale di Barcellona Pozzo di Gotto e del Teatro Mandanici. Insieme con l\u2019attore, \u00a0ad accogliere i cinque giovani talenti che hanno svolto lo stage saranno il sindaco <strong>Roberto Materia<\/strong> e il direttore artistico <strong>Sergio Maifredi<\/strong>.<br \/>\nUn\u2019esperienza indimenticabile, dunque, <strong>Martina Genovese, Veronica Giamb\u00f2, Dario Lombardo, Graziano Molino e Fabio Pirrotta.<\/strong><br \/>\n\u201cSpero che si ripeta al pi\u00f9 presto\u201d, dice ad esempio <strong>Fabio Pirrotta, ballerino e istruttore di ballo<\/strong>. \u201c\u00c8 stato bello mettersi a disposizione del regista e avere anche la possibilit\u00e0 di proporre idee e spunti\u201d. Tra briefing e prove, nel dialogo con attori e musicisti, tecnici e personale del teatro, \u201csi \u00e8 trattato di un\u2019esperienza molto formativa. Quello che mi ha colpito \u00e8 il modo in cui bisogna tener d\u2019occhio ogni minimo particolare, soprattutto durante lo spettacolo, per essere sempre pronti a un eventuale contrattempo\u201d.<br \/>\n\u00c8 stata \u201cuna gratificante occasione per entrare in contatto col mondo del Teatro Mandanici e per conoscere importanti personalit\u00e0 dello spettacolo\u201d, aggiunge <strong>Graziano Molino, regista di corti e documentari<\/strong>.<br \/>\n\u201cDello stage mi porto dentro molti, importanti memorie. Mi tornano in mente i preziosi racconti di Massimo Wertmuller, la bravura di Corrado d\u2019Elia e Rosario Lisma, la grande umilt\u00e0 di un attore eccezionale come Roberto Alinghieri, la straordinaria capacit\u00e0 di Tullio Solenghi di tenere in pugno il pubblico, i bei dialoghi con il regista Sergio Maifredi e tanto altro\u201d, racconta <strong>Dario Lombardo<\/strong>, <strong>attore e aspirante scrittore.<\/strong> \u201cGrazie a tutti loro ho capito che se ami il mestiere di attore, non ti basta studiare la parte, devi fortemente impegnarti per dare il massimo al tuo pubblico\u201d.<br \/>\n\u201cIn un percorso che definirei breve ma molto intenso \u2013 sottolinea <strong>Martina Genovese, musicista<\/strong> &#8211; il direttore Maifredi ha dato a noi stagisti la possibilit\u00e0 di metterci alla prova, rendendoci partecipi di ogni singola fase in cui si \u00e8 articolata l\u2019organizzazione dello spettacolo. Di quest\u2019avventura mi \u00e8 rimasto molto, in primis la professionalit\u00e0 del direttore e la bravura indiscussa degli artisti. Ho potuto conoscere meglio una realt\u00e0 che gi\u00e0 mi affascinava molto e nella quale, spero, non mancher\u00e0 occasione di confrontarmi e rimettermi in gioco\u201d. Grazie allo stage, sente il bisogno e il desiderio di approfondire la propria conoscenza del \u201cmestiere\u201d di regista teatrale, <strong>Veronica Giamb\u00f2, esperta di turismo<\/strong>. \u201cHo particolarmente apprezzato la professionalit\u00e0 delle figure che stanno dietro le quinte, a partire dal direttore Maifredi, che ha coordinato la nostra presenza. Gli artisti, oltre a donarci delle performance di altissimo livello, mi hanno regalato forti emozioni, grazie alla loro sensibilit\u00e0 e alla loro amicizia spiritosamente coinvolgente\u201d.<br \/>\nIl Teatro Mandanici riparte dalle nuove leve perch\u00e9 \u00e8 nei giovani il futuro delle discipline artistiche.<br \/>\n <div id=\"div-gpt-ad-Messinaoggi.it-DSK-300x250-corpoart\" style=\"text-align:center;margin:0 auto;\"><\/div><\/p>\n<div id=\"videoincontent\" style=\"clear:both\";><\/div>","protected":false},"excerpt":{"rendered":"<p>Sabato 18, una data carica di significati, nonch\u00e9 \u00a0una serata densa di grande emozione per\u00a0 i cinque stagisti che proprio quel pomeriggio, alle ore 18.30, nel foyer \u00a0del Teatro Mandanici, riceveranno dalle mani di Tullio\u00a0 Solenghi gli attestati di partecipazione \u00a0a nome dell\u2019Amministrazione comunale di Barcellona Pozzo di Gotto e del Teatro Mandanici. Insieme con [&hellip;]<\/p>\n","protected":false},"author":5,"featured_media":11337,"comment_status":"closed","ping_status":"open","sticky":false,"template":"","format":"standard","meta":{"ub_ctt_via":"","_mi_skip_tracking":false},"categories":[17],"tags":[],"featured_image_src":"https:\/\/www.messinaoggi.it\/website\/wp-content\/uploads\/2017\/11\/Gli-stagisti-con-il-direttore-Maifredi-e-gli-attori-dietro-le-quinte-de-Le-parole-volano.jpg","author_info":{"display_name":"Maria Antonella Saia","author_link":"https:\/\/www.messinaoggi.it\/website\/author\/m-saia\/"},"digistream_id":0,"digistream":false,"_links":{"self":[{"href":"https:\/\/www.messinaoggi.it\/website\/wp-json\/wp\/v2\/posts\/11336"}],"collection":[{"href":"https:\/\/www.messinaoggi.it\/website\/wp-json\/wp\/v2\/posts"}],"about":[{"href":"https:\/\/www.messinaoggi.it\/website\/wp-json\/wp\/v2\/types\/post"}],"author":[{"embeddable":true,"href":"https:\/\/www.messinaoggi.it\/website\/wp-json\/wp\/v2\/users\/5"}],"replies":[{"embeddable":true,"href":"https:\/\/www.messinaoggi.it\/website\/wp-json\/wp\/v2\/comments?post=11336"}],"version-history":[{"count":0,"href":"https:\/\/www.messinaoggi.it\/website\/wp-json\/wp\/v2\/posts\/11336\/revisions"}],"wp:featuredmedia":[{"embeddable":true,"href":"https:\/\/www.messinaoggi.it\/website\/wp-json\/wp\/v2\/media\/11337"}],"wp:attachment":[{"href":"https:\/\/www.messinaoggi.it\/website\/wp-json\/wp\/v2\/media?parent=11336"}],"wp:term":[{"taxonomy":"category","embeddable":true,"href":"https:\/\/www.messinaoggi.it\/website\/wp-json\/wp\/v2\/categories?post=11336"},{"taxonomy":"post_tag","embeddable":true,"href":"https:\/\/www.messinaoggi.it\/website\/wp-json\/wp\/v2\/tags?post=11336"}],"curies":[{"name":"wp","href":"https:\/\/api.w.org\/{rel}","templated":true}]}}