{"id":113352,"date":"2022-07-05T18:07:57","date_gmt":"2022-07-05T16:07:57","guid":{"rendered":"https:\/\/www.messinaoggi.it\/website\/2022\/07\/05\/inzaghi-partiamo-dietro-al-milan-ma-vogliamo-competere\/"},"modified":"2022-07-05T18:07:57","modified_gmt":"2022-07-05T16:07:57","slug":"inzaghi-partiamo-dietro-al-milan-ma-vogliamo-competere","status":"publish","type":"post","link":"https:\/\/www.messinaoggi.it\/website\/2022\/07\/05\/inzaghi-partiamo-dietro-al-milan-ma-vogliamo-competere\/","title":{"rendered":"Inzaghi \u201cPartiamo dietro al Milan, ma vogliamo competere\u201d"},"content":{"rendered":"<div>MILANO (ITALPRESS) &#8211; &#8220;Quest&#8217;anno sar\u00e0 una stagione particolare,<br \/>avremo 20 gare racchiuse in tre mesi, poi il torneo si fermer\u00e0 50<br \/>giorni ed \u00e8 qualcosa di nuovo per tutti&#8221;. Lo ha dichiarato il<br \/>tecnico dell&#8217;Inter Simone Inzaghi nel corso della conferenza<br \/>stampa di presentazione della stagione 2022-2023. &#8220;Obiettivi? Vincere, partiamo dietro il Milan che \u00e8 campione d&#8217;Italia, che l&#8217;ha vinto sul campo e noi con altre 5-6 squadre saremo l\u00ec a giocarcela fino alla fine. Non ci nascondiamo, vogliamo competere fino alla fine&#8221; ha aggiunto Inzaghi. &#8220;Lukaku? Per me \u00e8 un grandissimo colpo, anche se il nostro attacco \u00e8 stato il migliore dello scorso anno. Skriniar \u00e8 dell&#8217;Inter, \u00e8 un giocatore che ha fatto un campionato straordinario. Verr\u00e0 in ritiro, poi non so cosa succeder\u00e0&#8221;, ha aggiunto il tecnico che ha confermato Handanovic come numero uno. A proposito di mercato, \u00e8 intervenuto anche l&#8217;ad nerazzurro Beppe Marotta, toccando il tema Dybala. &#8220;Rappresentava un&#8217;opportunit\u00e0 ma noi siamo a posto in attacco e abbiamo giocatori di grande valore che il tecnico dovr\u00e0 gestire nel migliore dei modi, anche se a Dybala mi lega un grande affetto. Il nostro obiettivo \u00e8 ampliare la bacheca, quei trofei non sono frutto solo di investimenti economici, ma di lavoro e appartenenza molto forte e sono principi che devono<br \/>portarci al massimo&#8221;. <br \/>&#8211; foto LivePhotoSport &#8211;<br \/>(ITALPRESS).<\/div>\n<div id=\"div-gpt-ad-Messinaoggi.it-DSK-300x250-corpoart\" style=\"text-align:center;margin:0 auto;\"><\/div><\/p><div id=\"videoincontent\" style=\"clear:both\";><\/div>","protected":false},"excerpt":{"rendered":"<p>MILANO (ITALPRESS) &#8211; &#8220;Quest&#8217;anno sar\u00e0 una stagione particolare,avremo 20 gare racchiuse in tre mesi, poi il torneo si fermer\u00e0 50giorni ed \u00e8 qualcosa di nuovo per tutti&#8221;. Lo ha dichiarato iltecnico dell&#8217;Inter Simone Inzaghi nel corso della conferenzastampa di presentazione della stagione 2022-2023. &#8220;Obiettivi? Vincere, partiamo dietro il Milan che \u00e8 campione d&#8217;Italia, che l&#8217;ha [&hellip;]<\/p>\n","protected":false},"author":18,"featured_media":113353,"comment_status":"closed","ping_status":"closed","sticky":false,"template":"","format":"standard","meta":{"ub_ctt_via":"","_mi_skip_tracking":false},"categories":[446],"tags":[783],"featured_image_src":"https:\/\/www.messinaoggi.it\/website\/wp-content\/uploads\/2022\/07\/20220705_1592.jpg","author_info":{"display_name":"Admin","author_link":"https:\/\/www.messinaoggi.it\/website\/author\/admin\/"},"digistream_id":0,"digistream":false,"_links":{"self":[{"href":"https:\/\/www.messinaoggi.it\/website\/wp-json\/wp\/v2\/posts\/113352"}],"collection":[{"href":"https:\/\/www.messinaoggi.it\/website\/wp-json\/wp\/v2\/posts"}],"about":[{"href":"https:\/\/www.messinaoggi.it\/website\/wp-json\/wp\/v2\/types\/post"}],"author":[{"embeddable":true,"href":"https:\/\/www.messinaoggi.it\/website\/wp-json\/wp\/v2\/users\/18"}],"replies":[{"embeddable":true,"href":"https:\/\/www.messinaoggi.it\/website\/wp-json\/wp\/v2\/comments?post=113352"}],"version-history":[{"count":0,"href":"https:\/\/www.messinaoggi.it\/website\/wp-json\/wp\/v2\/posts\/113352\/revisions"}],"wp:featuredmedia":[{"embeddable":true,"href":"https:\/\/www.messinaoggi.it\/website\/wp-json\/wp\/v2\/media\/113353"}],"wp:attachment":[{"href":"https:\/\/www.messinaoggi.it\/website\/wp-json\/wp\/v2\/media?parent=113352"}],"wp:term":[{"taxonomy":"category","embeddable":true,"href":"https:\/\/www.messinaoggi.it\/website\/wp-json\/wp\/v2\/categories?post=113352"},{"taxonomy":"post_tag","embeddable":true,"href":"https:\/\/www.messinaoggi.it\/website\/wp-json\/wp\/v2\/tags?post=113352"}],"curies":[{"name":"wp","href":"https:\/\/api.w.org\/{rel}","templated":true}]}}