{"id":113318,"date":"2022-07-05T16:07:52","date_gmt":"2022-07-05T14:07:52","guid":{"rendered":"https:\/\/www.messinaoggi.it\/website\/2022\/07\/05\/la-nato-apre-la-ratifica-delladesione-di-svezia-e-finlandia\/"},"modified":"2022-07-05T16:07:52","modified_gmt":"2022-07-05T14:07:52","slug":"la-nato-apre-la-ratifica-delladesione-di-svezia-e-finlandia","status":"publish","type":"post","link":"https:\/\/www.messinaoggi.it\/website\/2022\/07\/05\/la-nato-apre-la-ratifica-delladesione-di-svezia-e-finlandia\/","title":{"rendered":"La Nato apre la ratifica dell\u2019adesione di Svezia e Finlandia"},"content":{"rendered":"<div>ROMA (ITALPRESS) &#8211; Gli ambasciatori dei 30 Paesi membri della Nato hanno firmato i protocolli per l&#8217;avvio dell&#8217;adesione di Finlandia e Svezia. Il segretario generale dell&#8217;Alleanza Atlantica Jens Stoltenberg ha parlato di &#8220;un momento storico per la Finlandia, la Svezia, la NATO e per la sicurezza condivisa&#8221;.<br \/>La scorsa settimana al vertice di Madrid, i leader alleati avevano deciso di invitare Finlandia e Svezia ad aderire alla NATO in seguito alla firma di un memorandum tra i due Paesi e la Turchia. La firma dei protocolli di adesione segna adesso l&#8217;inizio del processo di ratifica.<br \/>Stoltenberg ha affermato che la porta della NATO rimane aperta alle democrazie europee che sono pronte e disposte a contribuire alla sicurezza: &#8220;Con 32 nazioni attorno al tavolo, saremo ancora pi\u00f9 forti e il nostro popolo sar\u00e0 ancora pi\u00f9 al sicuro&#8221;, ha aggiunto.<div id=\"div-gpt-ad-Messinaoggi.it-DSK-300x250-corpoart\" style=\"text-align:center;margin:0 auto;\"><\/div><\/p>\n<p>&#8211; foto agenziafotogramma.it &#8211;<div id=\"videoincontent\" style=\"clear:both\";><\/div><\/p>\n<p>(ITALPRESS).<\/p><\/div>\n","protected":false},"excerpt":{"rendered":"<p>ROMA (ITALPRESS) &#8211; Gli ambasciatori dei 30 Paesi membri della Nato hanno firmato i protocolli per l&#8217;avvio dell&#8217;adesione di Finlandia e Svezia. Il segretario generale dell&#8217;Alleanza Atlantica Jens Stoltenberg ha parlato di &#8220;un momento storico per la Finlandia, la Svezia, la NATO e per la sicurezza condivisa&#8221;.La scorsa settimana al vertice di Madrid, i leader [&hellip;]<\/p>\n","protected":false},"author":18,"featured_media":113319,"comment_status":"closed","ping_status":"closed","sticky":false,"template":"","format":"standard","meta":{"ub_ctt_via":"","_mi_skip_tracking":false},"categories":[446],"tags":[783],"featured_image_src":"https:\/\/www.messinaoggi.it\/website\/wp-content\/uploads\/2022\/07\/20220705_1025.jpg","author_info":{"display_name":"Admin","author_link":"https:\/\/www.messinaoggi.it\/website\/author\/admin\/"},"digistream_id":0,"digistream":false,"_links":{"self":[{"href":"https:\/\/www.messinaoggi.it\/website\/wp-json\/wp\/v2\/posts\/113318"}],"collection":[{"href":"https:\/\/www.messinaoggi.it\/website\/wp-json\/wp\/v2\/posts"}],"about":[{"href":"https:\/\/www.messinaoggi.it\/website\/wp-json\/wp\/v2\/types\/post"}],"author":[{"embeddable":true,"href":"https:\/\/www.messinaoggi.it\/website\/wp-json\/wp\/v2\/users\/18"}],"replies":[{"embeddable":true,"href":"https:\/\/www.messinaoggi.it\/website\/wp-json\/wp\/v2\/comments?post=113318"}],"version-history":[{"count":0,"href":"https:\/\/www.messinaoggi.it\/website\/wp-json\/wp\/v2\/posts\/113318\/revisions"}],"wp:featuredmedia":[{"embeddable":true,"href":"https:\/\/www.messinaoggi.it\/website\/wp-json\/wp\/v2\/media\/113319"}],"wp:attachment":[{"href":"https:\/\/www.messinaoggi.it\/website\/wp-json\/wp\/v2\/media?parent=113318"}],"wp:term":[{"taxonomy":"category","embeddable":true,"href":"https:\/\/www.messinaoggi.it\/website\/wp-json\/wp\/v2\/categories?post=113318"},{"taxonomy":"post_tag","embeddable":true,"href":"https:\/\/www.messinaoggi.it\/website\/wp-json\/wp\/v2\/tags?post=113318"}],"curies":[{"name":"wp","href":"https:\/\/api.w.org\/{rel}","templated":true}]}}