{"id":113314,"date":"2022-07-05T14:17:52","date_gmt":"2022-07-05T12:17:52","guid":{"rendered":"https:\/\/www.messinaoggi.it\/website\/2022\/07\/05\/esce-il-nuovo-libro-di-fabrizio-de-nicola-i-ragazzi-del-bar-luana\/"},"modified":"2022-07-05T14:17:52","modified_gmt":"2022-07-05T12:17:52","slug":"esce-il-nuovo-libro-di-fabrizio-de-nicola-i-ragazzi-del-bar-luana","status":"publish","type":"post","link":"https:\/\/www.messinaoggi.it\/website\/2022\/07\/05\/esce-il-nuovo-libro-di-fabrizio-de-nicola-i-ragazzi-del-bar-luana\/","title":{"rendered":"Esce il nuovo libro di Fabrizio De Nicola \u201cI ragazzi del bar Luana\u201d"},"content":{"rendered":"<div>\n<p>CATANIA (ITALPRESS) \u2013 E\u2019 disponibile in libreria e negli store digitali con Novantacento \u201cI ragazzi del Bar Luana\u201d, il nuovo romanzo di Fabrizio De Nicola. Il protagonista \u00e8 Maurizio, un ragazzo siciliano di buona famiglia, con un\u2019insaziabile sete di sapere e la volont\u00e0 di essere protagonista del proprio tempo, manifesto di grandi cambiamenti. Attraverso lo sguardo lucido e disincantato del giovane, il lettore \u00e8 trascinato nella Palermo degli anni Settanta, nei suoi luoghi affascinanti eppure soffocati da profonde ingiustizie. La lotta armata, la droga, la mafia, un gruppo di amici stretti da un legame antico e all\u2019apparenza indissolubile, le cui scelte metteranno a dura prova fino al tragico epilogo. Sullo sfondo, un\u2019Europa i cui echi del Sessantotto si respirano per le strade e il desiderio di Maurizio di attingerne a piene mani. Un viaggio in autostop, percorso di crescita tra scoperte e disinganni da non cui non si potr\u00e0 pi\u00f9 tornare indietro. I ragazzi del Bar Luana \u00e8 il racconto dei giovani di ieri e degli adulti di oggi, di chi non ce l\u2019ha fatta e chi, nonostante tutto, ha saputo trovare il modo e il coraggio di rimanere fedele ai propri valori e a se stesso. \u201cI ragazzi del Bar Luana\u201d tratta con estrema naturalezza temi come l\u2019amicizia e i rapporti umani, in un contesto temporale in cui la ribellione dei giovani era la consuetudine. Una storia che prende ispirazione dalle vicende reali di cui spesso si sente parlare anche al giorno d\u2019oggi e casi che affollano la cronaca. Fabrizio De Nicola, palermitano, 65 anni, \u00e8 un manager della sanit\u00e0 ormai da qualche anno. Ha lavorato a Trapani, Palermo e Catania, dirigendo alcune tra le pi\u00f9 importanti aziende sanitarie e ospedaliere di Sicilia. Di formazione giuridica, comincia la sua carriera nella Guardia di Finanza, per poi lavorare per qualche anno nel settore bancario. Appassionato di arte e letteratura, decide di scrivere il suo primo romanzo durante i giorni del primo lockdown legato alla Pandemia.<br \/>(ITALPRESS).<div id=\"div-gpt-ad-Messinaoggi.it-DSK-300x250-corpoart\" style=\"text-align:center;margin:0 auto;\"><\/div><\/p>\n<p>\u2013 foto Fabrizio De Nicola \u2013<div id=\"videoincontent\" style=\"clear:both\";><\/div><\/p>\n<\/div>\n","protected":false},"excerpt":{"rendered":"<p>CATANIA (ITALPRESS) \u2013 E\u2019 disponibile in libreria e negli store digitali con Novantacento \u201cI ragazzi del Bar Luana\u201d, il nuovo romanzo di Fabrizio De Nicola. Il protagonista \u00e8 Maurizio, un ragazzo siciliano di buona famiglia, con un\u2019insaziabile sete di sapere e la volont\u00e0 di essere protagonista del proprio tempo, manifesto di grandi cambiamenti. Attraverso lo [&hellip;]<\/p>\n","protected":false},"author":18,"featured_media":113315,"comment_status":"closed","ping_status":"closed","sticky":false,"template":"","format":"standard","meta":{"ub_ctt_via":"","_mi_skip_tracking":false},"categories":[2449],"tags":[783],"featured_image_src":"https:\/\/www.messinaoggi.it\/website\/wp-content\/uploads\/2022\/07\/20220705_0811.jpg","author_info":{"display_name":"Admin","author_link":"https:\/\/www.messinaoggi.it\/website\/author\/admin\/"},"digistream_id":0,"digistream":false,"_links":{"self":[{"href":"https:\/\/www.messinaoggi.it\/website\/wp-json\/wp\/v2\/posts\/113314"}],"collection":[{"href":"https:\/\/www.messinaoggi.it\/website\/wp-json\/wp\/v2\/posts"}],"about":[{"href":"https:\/\/www.messinaoggi.it\/website\/wp-json\/wp\/v2\/types\/post"}],"author":[{"embeddable":true,"href":"https:\/\/www.messinaoggi.it\/website\/wp-json\/wp\/v2\/users\/18"}],"replies":[{"embeddable":true,"href":"https:\/\/www.messinaoggi.it\/website\/wp-json\/wp\/v2\/comments?post=113314"}],"version-history":[{"count":0,"href":"https:\/\/www.messinaoggi.it\/website\/wp-json\/wp\/v2\/posts\/113314\/revisions"}],"wp:featuredmedia":[{"embeddable":true,"href":"https:\/\/www.messinaoggi.it\/website\/wp-json\/wp\/v2\/media\/113315"}],"wp:attachment":[{"href":"https:\/\/www.messinaoggi.it\/website\/wp-json\/wp\/v2\/media?parent=113314"}],"wp:term":[{"taxonomy":"category","embeddable":true,"href":"https:\/\/www.messinaoggi.it\/website\/wp-json\/wp\/v2\/categories?post=113314"},{"taxonomy":"post_tag","embeddable":true,"href":"https:\/\/www.messinaoggi.it\/website\/wp-json\/wp\/v2\/tags?post=113314"}],"curies":[{"name":"wp","href":"https:\/\/api.w.org\/{rel}","templated":true}]}}