{"id":113272,"date":"2022-07-05T10:47:52","date_gmt":"2022-07-05T08:47:52","guid":{"rendered":"https:\/\/www.messinaoggi.it\/website\/2022\/07\/05\/unipa-ospita-il-convegno-nazionale-del-gruppo-di-meccanica-applicata\/"},"modified":"2022-07-05T10:47:52","modified_gmt":"2022-07-05T08:47:52","slug":"unipa-ospita-il-convegno-nazionale-del-gruppo-di-meccanica-applicata","status":"publish","type":"post","link":"https:\/\/www.messinaoggi.it\/website\/2022\/07\/05\/unipa-ospita-il-convegno-nazionale-del-gruppo-di-meccanica-applicata\/","title":{"rendered":"UniPa ospita il convegno nazionale del gruppo di meccanica applicata"},"content":{"rendered":"<div>\n<p>PALERMO (ITALPRESS) \u2013 Tre giorni di confronto tra docenti universitari, collaboratori e rappresentanti delle imprese che potranno conoscere e promuovere i progetti dei giovani ricercatori, durante i quali interverranno Massimo Midiri, Rettore dell\u2019Universit\u00e0 degli Studi di Palermo, e Ferruccio Resta, Presidente della CRUI e Rettore del Politecnico di Milano. Un momento di condivisione con l\u2019intera comunit\u00e0 scientifica che far\u00e0 il punto su progettazione, innovazione e capitale umano, con momenti di riflessione sul valore del nostro patrimonio tecnologico e analisi delle prospettive di sviluppo che il Piano Nazionale di Ripresa e Resilienza pu\u00f2 offrire alla ricerca.<br \/>\u201cGli studenti e i giovani ricercatori sono il fulcro della nostra attivit\u00e0 \u2013 commenta il Rettore dell\u2019Universit\u00e0 di Palermo, Massimo Midiri \u2013 Incontrarsi e confrontarsi in presenza, in questa occasione, in una struttura museale cos\u00ec prestigiosa che per noi rappresenta un\u2019eccellenza, assume un significato simbolico molto forte. L\u2019Universit\u00e0 deve accogliere le sfide, promuovere la conoscenza e far incrociare la domanda e l\u2019offerta formativa, soprattutto in un contesto difficile come quello attuale. Per questo saluto con grande entusiasmo questa iniziativa, convinto che una presenza cos\u00ec partecipata e con relatori illustri, come il Magnifico Rettore Ferruccio Resta, possa dare un contributo di conoscenza ulteriore alle sfide che il futuro ci prospetta\u201d.<br \/>Nel corso della prima giornata ci sar\u00e0 una sessione dedicata al legame tra la storia della tecnologia e l\u2019innovazione, con la partecipazione del conservatore del Museo, Giuseppe Genchi, del vicepresidente della commissione cultura dell\u2019ASI \u2013 Automotoclub Storico Italiano, Lorenzo Morello, in passato direttore dell\u2019Ingegneria Veicoli del gruppo Fiat, e con Vittorio Marchis, storico dell\u2019Ingegneria e divulgatore.<br \/>\u201cE\u2019 un ritorno in presenza molto atteso dopo due anni di pandemia che intende sottolineare l\u2019importanza strategica della comunit\u00e0 accademica come occasione di conoscenza e confronto \u2013 spiega il professore Marco Cammalleri, coordinatore del convegno e direttore del Museo dei Motori \u2013 Crediamo che la storia della tecnologia possa essere una preziosa fonte di ispirazione per il futuro, e ci inorgoglisce il riconoscimento ricevuto dall\u2019ANVUR secondo il quale il Sistema Museale d\u2019Ateneo di Palermo, di cui il Museo dei Motori fa parte, \u00e8 il primo in Italia nell\u2019ultima valutazione sulla qualit\u00e0 della ricerca, con giudizio \u2018eccellente ed estremamente rilevant\u00e8 e un punteggio di 39,5 su 40. In occasione del congresso inaugureremo una nuova area espositiva dedicata ai motori navali, frutto di un progetto di collaborazione con il gruppo Stellantis per la tutela e valorizzazione del patrimonio storico motoristico. In questa area saranno esposti alcuni reperti estremamente rari, tra i quali uno dei due motori FIAT 2 C. 116 che equipaggiavano il sommergibile \u2018Medus\u00e0 affondato al largo di Venezia nella Prima guerra mondiale, nonch\u00e8 uno dei pi\u00f9 antichi motori navali FIAT esistenti\u201d.<div id=\"div-gpt-ad-Messinaoggi.it-DSK-300x250-corpoart\" style=\"text-align:center;margin:0 auto;\"><\/div><\/p>\n<p>\u2013 foto: ufficio stampa UniPa<div id=\"videoincontent\" style=\"clear:both\";><\/div><\/p>\n<p>(ITALPRESS).<\/p>\n<\/div>\n","protected":false},"excerpt":{"rendered":"<p>PALERMO (ITALPRESS) \u2013 Tre giorni di confronto tra docenti universitari, collaboratori e rappresentanti delle imprese che potranno conoscere e promuovere i progetti dei giovani ricercatori, durante i quali interverranno Massimo Midiri, Rettore dell\u2019Universit\u00e0 degli Studi di Palermo, e Ferruccio Resta, Presidente della CRUI e Rettore del Politecnico di Milano. Un momento di condivisione con l\u2019intera [&hellip;]<\/p>\n","protected":false},"author":18,"featured_media":113273,"comment_status":"closed","ping_status":"closed","sticky":false,"template":"","format":"standard","meta":{"ub_ctt_via":"","_mi_skip_tracking":false},"categories":[2449],"tags":[783],"featured_image_src":"https:\/\/www.messinaoggi.it\/website\/wp-content\/uploads\/2022\/07\/20220705_0211.jpg","author_info":{"display_name":"Admin","author_link":"https:\/\/www.messinaoggi.it\/website\/author\/admin\/"},"digistream_id":0,"digistream":false,"_links":{"self":[{"href":"https:\/\/www.messinaoggi.it\/website\/wp-json\/wp\/v2\/posts\/113272"}],"collection":[{"href":"https:\/\/www.messinaoggi.it\/website\/wp-json\/wp\/v2\/posts"}],"about":[{"href":"https:\/\/www.messinaoggi.it\/website\/wp-json\/wp\/v2\/types\/post"}],"author":[{"embeddable":true,"href":"https:\/\/www.messinaoggi.it\/website\/wp-json\/wp\/v2\/users\/18"}],"replies":[{"embeddable":true,"href":"https:\/\/www.messinaoggi.it\/website\/wp-json\/wp\/v2\/comments?post=113272"}],"version-history":[{"count":0,"href":"https:\/\/www.messinaoggi.it\/website\/wp-json\/wp\/v2\/posts\/113272\/revisions"}],"wp:featuredmedia":[{"embeddable":true,"href":"https:\/\/www.messinaoggi.it\/website\/wp-json\/wp\/v2\/media\/113273"}],"wp:attachment":[{"href":"https:\/\/www.messinaoggi.it\/website\/wp-json\/wp\/v2\/media?parent=113272"}],"wp:term":[{"taxonomy":"category","embeddable":true,"href":"https:\/\/www.messinaoggi.it\/website\/wp-json\/wp\/v2\/categories?post=113272"},{"taxonomy":"post_tag","embeddable":true,"href":"https:\/\/www.messinaoggi.it\/website\/wp-json\/wp\/v2\/tags?post=113272"}],"curies":[{"name":"wp","href":"https:\/\/api.w.org\/{rel}","templated":true}]}}