{"id":113264,"date":"2022-07-05T09:42:37","date_gmt":"2022-07-05T07:42:37","guid":{"rendered":"http:\/\/www.messinaoggi.it\/website\/?p=113264"},"modified":"2022-07-08T17:49:20","modified_gmt":"2022-07-08T15:49:20","slug":"le-eolie-diventano-isole-dormitorio","status":"publish","type":"post","link":"https:\/\/www.messinaoggi.it\/website\/2022\/07\/05\/le-eolie-diventano-isole-dormitorio\/","title":{"rendered":"Le Eolie diventano isole &#8220;dormitorio&#8221;"},"content":{"rendered":"\n<p>Sta facendo discutere la nuova ordinanza del sindaco<strong> Riccardo Gullo<\/strong> che ha deciso di mettere un freno alle emissioni sonore. Niente musica da intrattenimento dal luned\u00ec al gioved\u00ec, mentre dal venerd\u00ec alla domenica i locali potranno &#8220;<em>sbizzarrirsi<\/em>&#8221; dalle 20 alle all&#8217;1. <div id=\"div-gpt-ad-Messinaoggi.it-DSK-300x250-corpoart\" style=\"text-align:center;margin:0 auto;\"><\/div><\/p>\n\n\n\n<p>Il limite dei tre giorni decade a partire dal 25 luglio (fino al 4 settembre) quando durante tutta la settimana i giovani si potranno <em>scatenare<\/em>, ma fino all&#8217;1 di notte. In buona sostanza, l&#8217;orario in cui si parte la movida giovanile.<div id=\"videoincontent\" style=\"clear:both\";><\/div><\/p>\n\n\n\n<p>L&#8217;ordinanza, fortemente limitativa, riguarda locali del centro ma anche i lidi: in parole povere, stagione falcidiata per quegli imprenditori locali che di solito fanno i propri affari nel cuore dell&#8217;estate. <\/p>\n\n\n\n<p>Ovviamente, l&#8217;ordinanza ha scatenato un vespaio di polemiche un po&#8217; in tutte quelle isole che appartengono al Comune di Lipari, dove chi non rispetter\u00e0 i limiti imposti dal sindaco <strong>Gullo <\/strong>correr\u00e0 il rischio di vedersi comminare una multa salatissima. <\/p>\n\n\n\n<p>Gli imprenditori sono, ovviamente, sul piede di guerra dal momento che una simile ordinanza potrebbe compromettere un&#8217;intera stagione. Con le conseguenze che ne potranno derivare sotto il profilo occupazionale.<\/p>\n\n\n\n<p>La &#8220;<em>ratio<\/em>&#8221; di questa ordinanza, sarebbe quella di trasformare le Eolie in oasi del riposo, dove la gente potr\u00e0 recarsi per farsi coccolare fra le braccia di Morfeo. <\/p>\n\n\n\n<p>I giovani, i principali frequentatori delle Isole, alla luce di queste restrizioni potrebbero optare per altre mete. Addio quindi ai progetti che volevano la rinascita delle Eolie, ovvero quel tanto decantato rilancio del turismo. Basta un&#8217;ordinanza per tornare indietro anni luce.<\/p>\n\n\n\n<p>Ultima notazione, a Vulcano il &#8220;<strong>Comitato locale per la rinascita<\/strong>&#8221; aveva organizzato una festa per giorno 11 (luned\u00ec), una festa per la parziale riapertura delle Acque Calde, che a questo punto sar\u00e0 senza musica. A proposito, vietato anche il karaoke e forse anche le skitarrate in spiaggia. Insomma, un&#8217;ordinanza fatta a&#8230; cappella.<\/p>\n\n\n\n<p class=\"has-text-align-right\"><strong>Davide Gambale<\/strong><\/p>\n","protected":false},"excerpt":{"rendered":"<p>Sta facendo discutere la nuova ordinanza del sindaco Riccardo Gullo che ha deciso di mettere un freno alle emissioni sonore. Niente musica da intrattenimento dal luned\u00ec al gioved\u00ec, mentre dal venerd\u00ec alla domenica i locali potranno &#8220;sbizzarrirsi&#8221; dalle 20 alle all&#8217;1. Il limite dei tre giorni decade a partire dal 25 luglio (fino al 4 [&hellip;]<\/p>\n","protected":false},"author":2,"featured_media":4021,"comment_status":"open","ping_status":"open","sticky":false,"template":"","format":"standard","meta":{"ub_ctt_via":"","_mi_skip_tracking":false},"categories":[13,14],"tags":[],"featured_image_src":"https:\/\/www.messinaoggi.it\/website\/wp-content\/uploads\/2017\/07\/lipari-isole-eolie-3.jpg","author_info":{"display_name":"Redazione","author_link":"https:\/\/www.messinaoggi.it\/website\/author\/redazione\/"},"digistream_id":0,"digistream":false,"_links":{"self":[{"href":"https:\/\/www.messinaoggi.it\/website\/wp-json\/wp\/v2\/posts\/113264"}],"collection":[{"href":"https:\/\/www.messinaoggi.it\/website\/wp-json\/wp\/v2\/posts"}],"about":[{"href":"https:\/\/www.messinaoggi.it\/website\/wp-json\/wp\/v2\/types\/post"}],"author":[{"embeddable":true,"href":"https:\/\/www.messinaoggi.it\/website\/wp-json\/wp\/v2\/users\/2"}],"replies":[{"embeddable":true,"href":"https:\/\/www.messinaoggi.it\/website\/wp-json\/wp\/v2\/comments?post=113264"}],"version-history":[{"count":4,"href":"https:\/\/www.messinaoggi.it\/website\/wp-json\/wp\/v2\/posts\/113264\/revisions"}],"predecessor-version":[{"id":113838,"href":"https:\/\/www.messinaoggi.it\/website\/wp-json\/wp\/v2\/posts\/113264\/revisions\/113838"}],"wp:featuredmedia":[{"embeddable":true,"href":"https:\/\/www.messinaoggi.it\/website\/wp-json\/wp\/v2\/media\/4021"}],"wp:attachment":[{"href":"https:\/\/www.messinaoggi.it\/website\/wp-json\/wp\/v2\/media?parent=113264"}],"wp:term":[{"taxonomy":"category","embeddable":true,"href":"https:\/\/www.messinaoggi.it\/website\/wp-json\/wp\/v2\/categories?post=113264"},{"taxonomy":"post_tag","embeddable":true,"href":"https:\/\/www.messinaoggi.it\/website\/wp-json\/wp\/v2\/tags?post=113264"}],"curies":[{"name":"wp","href":"https:\/\/api.w.org\/{rel}","templated":true}]}}