{"id":113246,"date":"2022-07-04T22:07:53","date_gmt":"2022-07-04T20:07:53","guid":{"rendered":"https:\/\/www.messinaoggi.it\/website\/2022\/07\/04\/governo-di-maio-con-voto-a-ottobre-si-perdono-fondi-pnrr\/"},"modified":"2022-07-04T22:07:53","modified_gmt":"2022-07-04T20:07:53","slug":"governo-di-maio-con-voto-a-ottobre-si-perdono-fondi-pnrr","status":"publish","type":"post","link":"https:\/\/www.messinaoggi.it\/website\/2022\/07\/04\/governo-di-maio-con-voto-a-ottobre-si-perdono-fondi-pnrr\/","title":{"rendered":"Governo, Di Maio \u201ccon voto a ottobre si perdono fondi Pnrr\u201d"},"content":{"rendered":"<div>&#8220;Dobbiamo essere tutti uniti maggioranza e opposizione in questo momento straordinario, dobbiamo aiutare famiglie ed imprese in difficolt\u00e0&#8221;. Lo ha detto il ministro degli Esteri, Luigi Di Maio, ospite di &#8220;Zona Bianca&#8221;, Rete 4. &#8220;Ora in Europa dobbiamo vincere la battaglia sul tetto massimo del prezzo sul gas, oggi c&#8217;\u00e8 una speculazione &#8211; ha aggiunto &#8211; non possiamo assistere ad assurdi teatrini di politica interna. Con una crisi di governo l&#8217;Italia andrebbe a perdere i soldi del Pnrr e non riusciremo a fare la legge di bilancio con il voto anticipato ad ottobre, non ce lo possiamo permettere. Non si pu\u00f2 scappare dalle proprie responsabilit\u00e0 in un momento del genere&#8221;. Il ministro Di Maio ha assicurato che &#8220;io lavorer\u00f2 fino all&#8217;ultimo giorno per garantire la stabilit\u00e0 del Paese&#8221;. (ITALPRESS).<div id=\"div-gpt-ad-Messinaoggi.it-DSK-300x250-corpoart\" style=\"text-align:center;margin:0 auto;\"><\/div><\/p>\n<p>Photo credits www.agenziafotogramma.it<div id=\"videoincontent\" style=\"clear:both\";><\/div><\/p><\/div>\n","protected":false},"excerpt":{"rendered":"<p>&#8220;Dobbiamo essere tutti uniti maggioranza e opposizione in questo momento straordinario, dobbiamo aiutare famiglie ed imprese in difficolt\u00e0&#8221;. Lo ha detto il ministro degli Esteri, Luigi Di Maio, ospite di &#8220;Zona Bianca&#8221;, Rete 4. &#8220;Ora in Europa dobbiamo vincere la battaglia sul tetto massimo del prezzo sul gas, oggi c&#8217;\u00e8 una speculazione &#8211; ha aggiunto [&hellip;]<\/p>\n","protected":false},"author":18,"featured_media":113247,"comment_status":"closed","ping_status":"closed","sticky":false,"template":"","format":"standard","meta":{"ub_ctt_via":"","_mi_skip_tracking":false},"categories":[446],"tags":[783],"featured_image_src":"https:\/\/www.messinaoggi.it\/website\/wp-content\/uploads\/2022\/07\/20220704_2289.jpg","author_info":{"display_name":"Admin","author_link":"https:\/\/www.messinaoggi.it\/website\/author\/admin\/"},"digistream_id":0,"digistream":false,"_links":{"self":[{"href":"https:\/\/www.messinaoggi.it\/website\/wp-json\/wp\/v2\/posts\/113246"}],"collection":[{"href":"https:\/\/www.messinaoggi.it\/website\/wp-json\/wp\/v2\/posts"}],"about":[{"href":"https:\/\/www.messinaoggi.it\/website\/wp-json\/wp\/v2\/types\/post"}],"author":[{"embeddable":true,"href":"https:\/\/www.messinaoggi.it\/website\/wp-json\/wp\/v2\/users\/18"}],"replies":[{"embeddable":true,"href":"https:\/\/www.messinaoggi.it\/website\/wp-json\/wp\/v2\/comments?post=113246"}],"version-history":[{"count":0,"href":"https:\/\/www.messinaoggi.it\/website\/wp-json\/wp\/v2\/posts\/113246\/revisions"}],"wp:featuredmedia":[{"embeddable":true,"href":"https:\/\/www.messinaoggi.it\/website\/wp-json\/wp\/v2\/media\/113247"}],"wp:attachment":[{"href":"https:\/\/www.messinaoggi.it\/website\/wp-json\/wp\/v2\/media?parent=113246"}],"wp:term":[{"taxonomy":"category","embeddable":true,"href":"https:\/\/www.messinaoggi.it\/website\/wp-json\/wp\/v2\/categories?post=113246"},{"taxonomy":"post_tag","embeddable":true,"href":"https:\/\/www.messinaoggi.it\/website\/wp-json\/wp\/v2\/tags?post=113246"}],"curies":[{"name":"wp","href":"https:\/\/api.w.org\/{rel}","templated":true}]}}