{"id":113215,"date":"2022-07-04T17:07:53","date_gmt":"2022-07-04T15:07:53","guid":{"rendered":"https:\/\/www.messinaoggi.it\/website\/2022\/07\/04\/marmolada-draghi-agire-contro-il-cambiamento-climatico\/"},"modified":"2022-07-04T17:07:53","modified_gmt":"2022-07-04T15:07:53","slug":"marmolada-draghi-agire-contro-il-cambiamento-climatico","status":"publish","type":"post","link":"https:\/\/www.messinaoggi.it\/website\/2022\/07\/04\/marmolada-draghi-agire-contro-il-cambiamento-climatico\/","title":{"rendered":"Marmolada, Draghi \u201cAgire contro il cambiamento climatico\u201d"},"content":{"rendered":"<div>ROMA (ITALPRESS) &#8211; &#8220;Abbiamo fatto un punto tecnico-operativo con tutti coloro che hanno collaborato alle operazioni di soccorso. Ma, soprattutto, sono qui per esprimere la pi\u00f9 sincera, affettuosa e accorata vicinanza alle famiglie delle vittime, dei dispersi, dei feriti e alle comunit\u00e0 colpite da questa tragedia&#8221;. Lo ha detto il premier Mario Draghi, a Canazei, dove si \u00e8 recato con il capo della Protezione Civile Fabrizio Curcio per fare il punto sui soccorsi dopo il distacco del seracco dalla calotta sommitale del ghiacciaio della Marmolada.<br \/>&#8220;Voglio ringraziare tutti coloro che hanno lavorato in questo giorno e mezzo: la Protezione Civile, i vigili del fuoco, il soccorso alpino, le autorit\u00e0 sanitarie, i volontari tutti, per la loro generosit\u00e0, la professionalit\u00e0, il loro coraggio, perch\u00e8 queste operazioni si sono svolte e si svolgono in una situazione di grande pericolo &#8211; ha aggiunto Draghi -. Voglio anche ringraziare il Presidente della Regione Veneto, Luca Zaia, i Presidenti delle Province autonome di Trento e Bolzano, Fugatti e Kompatscher. Questo \u00e8 un dramma che certamente ha  dell&#8217;imprevedibilit\u00e0 e certamente dipende dal deterioramento dell&#8217;ambiente e dalla situazione climatica. Oggi l&#8217;Italia piange le vittime, tutte le italiane e gli italiani si stringono con affetto. Il Governo deve riflettere su quanto accaduto e deve prendere dei provvedimenti, perch\u00e8 quanto \u00e8 accaduto abbia una probabilit\u00e0 bassissima di succedere o possa addirittura essere evitato&#8221;.<div id=\"div-gpt-ad-Messinaoggi.it-DSK-300x250-corpoart\" style=\"text-align:center;margin:0 auto;\"><\/div><\/p>\n<p>&#8211; foto agenziafotogramma.it &#8211;<div id=\"videoincontent\" style=\"clear:both\";><\/div><\/p>\n<p>(ITALPRESS).<\/p><\/div>\n","protected":false},"excerpt":{"rendered":"<p>ROMA (ITALPRESS) &#8211; &#8220;Abbiamo fatto un punto tecnico-operativo con tutti coloro che hanno collaborato alle operazioni di soccorso. Ma, soprattutto, sono qui per esprimere la pi\u00f9 sincera, affettuosa e accorata vicinanza alle famiglie delle vittime, dei dispersi, dei feriti e alle comunit\u00e0 colpite da questa tragedia&#8221;. Lo ha detto il premier Mario Draghi, a Canazei, [&hellip;]<\/p>\n","protected":false},"author":18,"featured_media":113216,"comment_status":"closed","ping_status":"closed","sticky":false,"template":"","format":"standard","meta":{"ub_ctt_via":"","_mi_skip_tracking":false},"categories":[446],"tags":[783],"featured_image_src":"https:\/\/www.messinaoggi.it\/website\/wp-content\/uploads\/2022\/07\/20220704_1664.jpg","author_info":{"display_name":"Admin","author_link":"https:\/\/www.messinaoggi.it\/website\/author\/admin\/"},"digistream_id":0,"digistream":false,"_links":{"self":[{"href":"https:\/\/www.messinaoggi.it\/website\/wp-json\/wp\/v2\/posts\/113215"}],"collection":[{"href":"https:\/\/www.messinaoggi.it\/website\/wp-json\/wp\/v2\/posts"}],"about":[{"href":"https:\/\/www.messinaoggi.it\/website\/wp-json\/wp\/v2\/types\/post"}],"author":[{"embeddable":true,"href":"https:\/\/www.messinaoggi.it\/website\/wp-json\/wp\/v2\/users\/18"}],"replies":[{"embeddable":true,"href":"https:\/\/www.messinaoggi.it\/website\/wp-json\/wp\/v2\/comments?post=113215"}],"version-history":[{"count":0,"href":"https:\/\/www.messinaoggi.it\/website\/wp-json\/wp\/v2\/posts\/113215\/revisions"}],"wp:featuredmedia":[{"embeddable":true,"href":"https:\/\/www.messinaoggi.it\/website\/wp-json\/wp\/v2\/media\/113216"}],"wp:attachment":[{"href":"https:\/\/www.messinaoggi.it\/website\/wp-json\/wp\/v2\/media?parent=113215"}],"wp:term":[{"taxonomy":"category","embeddable":true,"href":"https:\/\/www.messinaoggi.it\/website\/wp-json\/wp\/v2\/categories?post=113215"},{"taxonomy":"post_tag","embeddable":true,"href":"https:\/\/www.messinaoggi.it\/website\/wp-json\/wp\/v2\/tags?post=113215"}],"curies":[{"name":"wp","href":"https:\/\/api.w.org\/{rel}","templated":true}]}}