{"id":113164,"date":"2022-07-04T14:07:51","date_gmt":"2022-07-04T12:07:51","guid":{"rendered":"https:\/\/www.messinaoggi.it\/website\/2022\/07\/04\/e-morto-lex-presidente-della-consulta-paolo-grossi\/"},"modified":"2022-07-04T15:21:41","modified_gmt":"2022-07-04T13:21:41","slug":"e-morto-lex-presidente-della-consulta-paolo-grossi","status":"publish","type":"post","link":"https:\/\/www.messinaoggi.it\/website\/2022\/07\/04\/e-morto-lex-presidente-della-consulta-paolo-grossi\/","title":{"rendered":"E\u2019 morto l\u2019ex presidente della Consulta Paolo Grossi"},"content":{"rendered":"<div>ROMA (ITALPRESS) &#8211; &#8220;Una notizia triste che non avremmo voluto dare: \u00e8 scomparso Paolo Grossi, Presidente emerito della Corte costituzionale, storico del diritto italiano e professore per oltre quarant&#8217;anni all&#8217;Universit\u00e0 di Firenze&#8221;. Cos\u00ec su Twitter la stessa Consulta.<br \/>Grossi aveva 89 anni. E&#8217; stato presidente della Corte Costituzionale dal 24 febbraio 2016 al 23 febbraio 2018.<br \/>&#8220;Pochi studiosi sono stati maestri autentici come lo \u00e8 stato Paolo Grossi: per i suoi scavi insuperati nelle radici e nel senso attuale del pluralismo giuridico al di l\u00e0 dello statualismo, per la scuola che ha creato attorno a s\u00e8, per gli studi che ha animato sulle sue riviste &#8211; afferma il presidente della Corte costituzionale Giuliano Amato -. E infine per il suo ruolo alla Corte costituzionale, dove ha insegnato a tutti noi la ricerca dell&#8217;equilibrio e quindi, ovunque possibile, della decisione consensuale; e dove, da Presidente, con la sua naturale e riconosciuta autorevolezza, ci ha presieduto davvero, anche nei momenti pi\u00f9 difficili. Lo piangiamo oggi e continueremo a ricordarlo negli anni a venire&#8221;.<div id=\"div-gpt-ad-Messinaoggi.it-DSK-300x250-corpoart\" style=\"text-align:center;margin:0 auto;\"><\/div><\/p>\n<p>&#8211; foto agenziafotogramma.it &#8211;<div id=\"videoincontent\" style=\"clear:both\";><\/div><\/p>\n<p>(ITALPRESS).<\/p><\/div>\n","protected":false},"excerpt":{"rendered":"<p>ROMA (ITALPRESS) &#8211; &#8220;Una notizia triste che non avremmo voluto dare: \u00e8 scomparso Paolo Grossi, Presidente emerito della Corte costituzionale, storico del diritto italiano e professore per oltre quarant&#8217;anni all&#8217;Universit\u00e0 di Firenze&#8221;. Cos\u00ec su Twitter la stessa Consulta.Grossi aveva 89 anni. E&#8217; stato presidente della Corte Costituzionale dal 24 febbraio 2016 al 23 febbraio 2018.&#8220;Pochi [&hellip;]<\/p>\n","protected":false},"author":18,"featured_media":113165,"comment_status":"closed","ping_status":"closed","sticky":false,"template":"","format":"standard","meta":{"ub_ctt_via":"","_mi_skip_tracking":false},"categories":[446,6],"tags":[783],"featured_image_src":"https:\/\/www.messinaoggi.it\/website\/wp-content\/uploads\/2022\/07\/20220704_0539-300x207-1.jpg","author_info":{"display_name":"Admin","author_link":"https:\/\/www.messinaoggi.it\/website\/author\/admin\/"},"digistream_id":0,"digistream":false,"_links":{"self":[{"href":"https:\/\/www.messinaoggi.it\/website\/wp-json\/wp\/v2\/posts\/113164"}],"collection":[{"href":"https:\/\/www.messinaoggi.it\/website\/wp-json\/wp\/v2\/posts"}],"about":[{"href":"https:\/\/www.messinaoggi.it\/website\/wp-json\/wp\/v2\/types\/post"}],"author":[{"embeddable":true,"href":"https:\/\/www.messinaoggi.it\/website\/wp-json\/wp\/v2\/users\/18"}],"replies":[{"embeddable":true,"href":"https:\/\/www.messinaoggi.it\/website\/wp-json\/wp\/v2\/comments?post=113164"}],"version-history":[{"count":1,"href":"https:\/\/www.messinaoggi.it\/website\/wp-json\/wp\/v2\/posts\/113164\/revisions"}],"predecessor-version":[{"id":113173,"href":"https:\/\/www.messinaoggi.it\/website\/wp-json\/wp\/v2\/posts\/113164\/revisions\/113173"}],"wp:featuredmedia":[{"embeddable":true,"href":"https:\/\/www.messinaoggi.it\/website\/wp-json\/wp\/v2\/media\/113165"}],"wp:attachment":[{"href":"https:\/\/www.messinaoggi.it\/website\/wp-json\/wp\/v2\/media?parent=113164"}],"wp:term":[{"taxonomy":"category","embeddable":true,"href":"https:\/\/www.messinaoggi.it\/website\/wp-json\/wp\/v2\/categories?post=113164"},{"taxonomy":"post_tag","embeddable":true,"href":"https:\/\/www.messinaoggi.it\/website\/wp-json\/wp\/v2\/tags?post=113164"}],"curies":[{"name":"wp","href":"https:\/\/api.w.org\/{rel}","templated":true}]}}