{"id":113153,"date":"2022-07-04T13:34:06","date_gmt":"2022-07-04T11:34:06","guid":{"rendered":"http:\/\/www.messinaoggi.it\/website\/?p=113153"},"modified":"2022-07-04T14:38:04","modified_gmt":"2022-07-04T12:38:04","slug":"lettera-damore-per-te-di-annita-vesto-giovedi-7-luglio-la-presentazione-alla-camera-commercio","status":"publish","type":"post","link":"https:\/\/www.messinaoggi.it\/website\/2022\/07\/04\/lettera-damore-per-te-di-annita-vesto-giovedi-7-luglio-la-presentazione-alla-camera-commercio\/","title":{"rendered":"&#8220;Lettera d&#8217;Amore per Te&#8221; di Annita Vesto.Gioved\u00ec 7 luglio la presentazione alla Camera Commercio"},"content":{"rendered":"\n<p>Un bell&#8217;evento, quello che sar\u00e0 proposto gioved\u00ec 7 Luglio alle 17,30 nella Sala Consulta della Camera di Commercio di Messina. Torna, nella &#8220;sua&#8221; Messina, <strong>Annita Vesto<\/strong> per presentare la  seconda opera  &#8220;Lettera d&#8217;Amore per te&#8221;.<div id=\"div-gpt-ad-Messinaoggi.it-DSK-300x250-corpoart\" style=\"text-align:center;margin:0 auto;\"><\/div><\/p>\n\n\n\n<p>Annita \u00e8 una mamma siciliana di Messina, Laureata in Giurisprudenza all&#8217;Universit\u00e0 &#8220;La Sapienza&#8221; di Roma, avvocato. Ad inizio della pandemia la Vesto operava come Funzionario della segreteria del Gip a Lanciano, in provincia di Chieti e, proprio in virt\u00f9 di quell&#8217;angosciante periodo storico e dopo la delusione della figlia per non aver potuto festeggiare il compimento della maggiore et\u00e0, lei trovava lo spunto per donarle una carezza scrivendole una lettera con la leggerezza ed il sorriso che sono proprie della scrittrice. Quindi &#8220;Lettera d&#8217;Amore per te&#8221; non nasce come un vero libro ma, offrendo degli spunti sinceri del vissuto dell&#8217;autrice, crea un filo diretto con chi legge ed, ancor pi\u00f9 con i giovani, attraverso moderni vettori individuati nei testi delle canzoni di  Fedez (<em>L&#8217;amore Tossico<\/em>), Emma (<em>Io di te non ho paura<\/em>), Carmen Consoli (<em>La signora del quinto piano), <\/em>Noemi (<em>Vuoto a perdere) <\/em>ed altri giovani cantautori. Cos\u00ec, con un messaggio affettivo da mamma a figlia, mostra la realt\u00e0 affrontando uno dei temi pi\u00f9 irrisolti di tutti i tempi: la differenza di genere, la violenza contro le donne, la violenza verbale e psicologica, il delitto, lo stalking sui social, inserendo anche la &#8220;fuitina&#8221; siciliana ed il matrimonio d&#8217;onore, che diventano obiettivi per il cambiamento con una necessaria cultura di genere che dia gli stessi diritti e le stesse opportunit\u00e0 a tutti.<div id=\"videoincontent\" style=\"clear:both\";><\/div><\/p>\n\n\n\n<p>Annita Vesto ha iniziato un viaggio duro, tortuoso se vogliamo, ma le sua esperienze sul campo, oggi, le hanno consentito di essere chiamata nelle scuole per parlare della cultura di genere, di vedere il suo testo presente alla Fiera Internazionale del Libro e di essere invitata al Ministero della Giustizia in occasione della &#8220;Giornata Mondiale contro la violenza sulle donne&#8221; per fare un intervento e presentare il suo libro che \u00e8 stato l\u00ec definito il &#8220;Vademecum sulla Violenza di Genere.&#8221;<\/p>\n\n\n\n<p>L&#8217;evento, organizzato dalla Camera di Commercio di Messina, sar\u00e0 moderato da Barbara Rosati, gi\u00e0 Past President Rotary Club Lanciano Costa dei Trabocchi, in cui interverranno: Paola Sabella, Segretaria Generale Camera di Commercio di Messina, Giovanna Spatari, prorettrice Welfare e Politiche di Genere Universit\u00e0 di Messina, Maria Andaloro, ideatrice di &#8220;Posto Occupato&#8221;, Mariella Crisafulli, Consigliera di Parit\u00e0 Citt\u00e0 di Messina.<\/p>\n\n\n\n<figure class=\"wp-block-image size-large\"><img loading=\"lazy\" width=\"724\" height=\"1024\" src=\"https:\/\/www.messinaoggi.it\/website\/wp-content\/uploads\/2022\/07\/Annita-724x1024.jpg\" alt=\"\" class=\"wp-image-113158\" srcset=\"https:\/\/www.messinaoggi.it\/website\/wp-content\/uploads\/2022\/07\/Annita-724x1024.jpg 724w, https:\/\/www.messinaoggi.it\/website\/wp-content\/uploads\/2022\/07\/Annita-212x300.jpg 212w, https:\/\/www.messinaoggi.it\/website\/wp-content\/uploads\/2022\/07\/Annita-768x1086.jpg 768w, https:\/\/www.messinaoggi.it\/website\/wp-content\/uploads\/2022\/07\/Annita-1086x1536.jpg 1086w, https:\/\/www.messinaoggi.it\/website\/wp-content\/uploads\/2022\/07\/Annita.jpg 1448w\" sizes=\"(max-width: 724px) 100vw, 724px\" \/><\/figure>\n","protected":false},"excerpt":{"rendered":"<p>Un bell&#8217;evento, quello che sar\u00e0 proposto gioved\u00ec 7 Luglio alle 17,30 nella Sala Consulta della Camera di Commercio di Messina. Torna, nella &#8220;sua&#8221; Messina, Annita Vesto per presentare la seconda opera &#8220;Lettera d&#8217;Amore per te&#8221;. Annita \u00e8 una mamma siciliana di Messina, Laureata in Giurisprudenza all&#8217;Universit\u00e0 &#8220;La Sapienza&#8221; di Roma, avvocato. Ad inizio della pandemia [&hellip;]<\/p>\n","protected":false},"author":2,"featured_media":113155,"comment_status":"open","ping_status":"open","sticky":false,"template":"","format":"standard","meta":{"ub_ctt_via":"","_mi_skip_tracking":false},"categories":[5,16],"tags":[4729,1012,1644,602,4730],"featured_image_src":"https:\/\/www.messinaoggi.it\/website\/wp-content\/uploads\/2022\/07\/Annita-Vesto-2.jpg","author_info":{"display_name":"Redazione","author_link":"https:\/\/www.messinaoggi.it\/website\/author\/redazione\/"},"digistream_id":0,"digistream":false,"_links":{"self":[{"href":"https:\/\/www.messinaoggi.it\/website\/wp-json\/wp\/v2\/posts\/113153"}],"collection":[{"href":"https:\/\/www.messinaoggi.it\/website\/wp-json\/wp\/v2\/posts"}],"about":[{"href":"https:\/\/www.messinaoggi.it\/website\/wp-json\/wp\/v2\/types\/post"}],"author":[{"embeddable":true,"href":"https:\/\/www.messinaoggi.it\/website\/wp-json\/wp\/v2\/users\/2"}],"replies":[{"embeddable":true,"href":"https:\/\/www.messinaoggi.it\/website\/wp-json\/wp\/v2\/comments?post=113153"}],"version-history":[{"count":2,"href":"https:\/\/www.messinaoggi.it\/website\/wp-json\/wp\/v2\/posts\/113153\/revisions"}],"predecessor-version":[{"id":113159,"href":"https:\/\/www.messinaoggi.it\/website\/wp-json\/wp\/v2\/posts\/113153\/revisions\/113159"}],"wp:featuredmedia":[{"embeddable":true,"href":"https:\/\/www.messinaoggi.it\/website\/wp-json\/wp\/v2\/media\/113155"}],"wp:attachment":[{"href":"https:\/\/www.messinaoggi.it\/website\/wp-json\/wp\/v2\/media?parent=113153"}],"wp:term":[{"taxonomy":"category","embeddable":true,"href":"https:\/\/www.messinaoggi.it\/website\/wp-json\/wp\/v2\/categories?post=113153"},{"taxonomy":"post_tag","embeddable":true,"href":"https:\/\/www.messinaoggi.it\/website\/wp-json\/wp\/v2\/tags?post=113153"}],"curies":[{"name":"wp","href":"https:\/\/api.w.org\/{rel}","templated":true}]}}