{"id":113149,"date":"2022-07-04T13:21:42","date_gmt":"2022-07-04T11:21:42","guid":{"rendered":"http:\/\/www.messinaoggi.it\/website\/?p=113149"},"modified":"2022-07-04T13:21:45","modified_gmt":"2022-07-04T11:21:45","slug":"cronistoria-di-un-centro-per-autistici-mai-nato-cittadinanzattiva-ecco-come-sono-andate-le-cose","status":"publish","type":"post","link":"https:\/\/www.messinaoggi.it\/website\/2022\/07\/04\/cronistoria-di-un-centro-per-autistici-mai-nato-cittadinanzattiva-ecco-come-sono-andate-le-cose\/","title":{"rendered":"Cronistoria di un centro per autistici mai nato, Cittadinanzattiva: \u201cEcco come sono andate le cose\u201d"},"content":{"rendered":"\n<p>Angela Rizzo, responsabile regionale per i servizi sociali di Cittadinanzattiva, \u00e8 intervenuta con una lunga lettera aperta, indirizzata al sindaco Federico Basile, sulla mancata realizzazione, a distanza di circa 4 anni, del Centro diurno per bambini autistici. Un\u2019accurata disamina, che riportiamo in forma integrale, che ripercorre le principali tappe della travagliata storia del centro in questione, dalle promesse fatte nel 2018 dall\u2019allora candidato sindaco Cateno De Luca, secondo cui avrebbe realizzato quanto prima due centri diurni a Messina, al tavolo dello scorso 7 giugno, nell\u2019ambito del quale l\u2019ex commissario straordinario Leonardo Santoro aveva dato, in appena 3 mesi di commissariamento, un\u2019accelerata alla nascita del Centro per bimbi autistici, sino a quanto accaduto venerd\u00ec scorso, quando associazioni e famiglie hanno aspettato invano per circa 3 ore di essere ricevute dal neo sindaco Federico Basile.<div id=\"div-gpt-ad-Messinaoggi.it-DSK-300x250-corpoart\" style=\"text-align:center;margin:0 auto;\"><\/div><\/p>\n\n\n\n<figure class=\"wp-block-embed-wordpress wp-block-embed is-type-wp-embed is-provider-messina-oggi\"><div class=\"wp-block-embed__wrapper\">\n<blockquote class=\"wp-embedded-content\" data-secret=\"TpTC4bms4A\"><a href=\"https:\/\/www.messinaoggi.it\/website\/2022\/07\/01\/slitta-lapertura-del-centro-diurno-per-autistici-basile-tra-un-cannolo-e-laltro-trovi-del-tempo-per-questi-bimbi\/\">Slitta l\u2019apertura del Centro diurno per autistici: \u201cBasile tra un cannolo e l&#8217;altro trovi del tempo per questi bimbi\u201d<\/a><\/blockquote><iframe class=\"wp-embedded-content\" sandbox=\"allow-scripts\" security=\"restricted\" style=\"position: absolute; clip: rect(1px, 1px, 1px, 1px);\" title=\"&#8220;Slitta l\u2019apertura del Centro diurno per autistici: \u201cBasile tra un cannolo e l&#8217;altro trovi del tempo per questi bimbi\u201d&#8221; &#8212; Messina Oggi\" src=\"https:\/\/www.messinaoggi.it\/website\/2022\/07\/01\/slitta-lapertura-del-centro-diurno-per-autistici-basile-tra-un-cannolo-e-laltro-trovi-del-tempo-per-questi-bimbi\/embed\/#?secret=TpTC4bms4A\" data-secret=\"TpTC4bms4A\" width=\"500\" height=\"282\" frameborder=\"0\" marginwidth=\"0\" marginheight=\"0\" scrolling=\"no\"><\/iframe>\n<\/div><\/figure>\n\n\n\n<p><strong>Le promesse di De Luca.<\/strong> \u201cGi\u00e0 dal 2018 \u2013 si legge nella lettera aperta firmata da Rizzo \u2013 si parla a Messina del Centro Diurno e l\u2019ex sindaco <strong>De Luca, nella campagna elettorale per le amministrative dello stesso anno, promette la nascita di ben due Centri Diurni<\/strong>, uno a nord e uno a sud della Citt\u00e0. In un comunicato del 3 Luglio 2018 (il n. 875) si legge: \u2018<em>L\u2019incontro con il direttore dell\u2019Asp, Gaetano Sirna, ha riguardato vari aspetti ed in particolare quello di fare accreditare nella citt\u00e0 di Messina almeno due centri di assistenza per i bambini autistici, in modo tale che si eviti questo viaggio della speranza per l\u2019assistenza a Nizza di Sicilia o a Naso.<\/em>\u2019 Da allora <strong>da parte dell\u2019Amministrazione Comunale solo annunci e nient\u2019altro.<\/strong> Il Presidente del Consiglio Comunale e il Presidente della VII Commissione Consiliare \u201cServizi Sociali\u201d, su sollecitazioni di varie Associazioni di genitori, vengono investiti del compito di individuare le motivazioni che frenano la nascita dei centri diurni e di trovare soluzioni.<div id=\"videoincontent\" style=\"clear:both\";><\/div><\/p>\n\n\n\n<p>\u201cLa partecipazione propositiva civica e le segnalazioni durante i 4 anni sono costanti, ma nessun riscontro perviene dall\u2019Amministrazione. <strong>Solo il 18 Dicembre 2021, infatti, viene presentato il Progetto \u201cINTERPARES\u201d. Ma si tratta di un progetto di sola \u201cricerca\u201d<\/strong> (non anche di \u201cassistenza continua\u201d) della durata di 3 anni, finanziato con i fondi Poc Metro e che potr\u00e0 prendere in carico circa 100 utenti l\u2019anno. Ma \u00e8 evidente che \u00e8 (anche) indispensabile prevedere\/provvedere per la cura e la riabilitazione di soggetti disabili che hanno necessit\u00e0 di un supporto non a scadenza, ma continuativo. Perci\u00f2 a richiedere con forza i Centri Diurni sono anche le Associazioni partner dello stesso progetto di ricerca.<\/p>\n\n\n\n<p><strong>Il tavolo tecnico del 7 giugno 2022. <\/strong>\u201c<strong>Il 7 giugno 2022, grazie alla sensibilit\u00e0 del Commissario Straordinario del Comune di Messina Ing. Leonardo Santoro e della Vice Commissario Arch. Mirella Vinci, viene indetta una riunione conclusiva con tutti i portatori di interessi<\/strong> con l\u2019obiettivo di poter realizzare una \u201ccittadella dell\u2019autismo\u201d presso l\u2019Istituto Marino di Mortelle ed in particolare di rilanciare le attivit\u00e0 per l\u2019autismo attraverso l\u2019istituzione di un Centro Diurno. In merito esiste la proposta dell\u2019IRCSS di dedicare la parte strutturale di competenza alla realizzazione di un Centro Diurno, d\u2019intesa con l\u2019Asp Messina, ai sensi del Piano regionale per l\u2019Autismo, che garantisca la gestione e la presa in carico giornaliera di dieci adulti e dieci minori dai 6 anni in su, che nel prosieguo possa divenire Centro di Riferimento regionale per l\u2019Autismo. Le Associazioni dei Familiari, soddisfatte per l\u2019esito del tavolo tecnico, sottolineavano la necessit\u00e0 che il percorso riabilitativo comprendesse anche gli aspetti del lavoro e del co-housing.<\/p>\n\n\n\n<p>\u201cIl Commissario ing. Santoro in quell\u2019occasione ha investito il Dott. De Francesco e la Dott.ssa Tornesi di avviare le procedure per le opportune modifiche al Protocollo del 2017, che il dr. De Francesco assicurava sarebbe stato pronto nel giro di qualche giorno. <strong>Lo stesso giorno l\u2019ex Assessora alle Politiche Sociali, avv. Calafiore, veicolava un Comunicato Stampa (questo s\u00ec in chiave elettorale) per tacciare l\u2019attivit\u00e0 della Struttura Commissariale di voler \u2018<em>racimolare consensi tra le persone pi\u00f9 fragili<\/em>\u2019<\/strong>, di \u2018<em>escamotage elettorale<\/em>\u2019 mentre nulla diceva circa il riconoscimento e la soddisfazione dei bisogni delle famiglie e dei i soggetti affetti dallo spettro autistico, concludendo che il tavolo tecnico era stato indetto in maniera \u201crepentina\u201d. Sui servizi a favore dei bambini affetti da Autismo hanno lavorato commissioni consiliari ed era stato preso l\u2019impegno di interessare il Commissario Santoro. Il Prof. Bramanti e il Presidente Cardile hanno mantenuto l\u2019impegno con le associazioni dei familiari presenti alle commissioni insieme ai Garanti dell\u2019infanzia e della disabilit\u00e0.<\/p>\n\n\n\n<p>\u201c<strong>Il commissario Santoro in pochissimi giorni ha riunito tutte parti interessate<\/strong> (Asp, Neurolesi, Comune, Cittadinanzattiva, Associazioni dei familiari). In soli 60 giorni si \u00e8 raggiunto l\u2019accordo chiesto da tempo (non \u201crepentino\u201d) con il solo obiettivo di dare finalmente ai bambini e alle famiglie un servizio indispensabile.<\/p>\n\n\n\n<p><strong>L\u2019arrivo di Basile.<\/strong> \u201cDove la \u201cspeculazione elettorale\u201d? Chi specula sulla disabilit\u00e0, i genitori e le Associazioni? I genitori dei soggetti affetti dallo spettro autistico hanno atteso la elezione del nuovo Sindaco e, in mancanza del promesso seguito agli impegni ottenuti il 7 giugno, in data 22.06.2022 hanno scritto a lei, Federico Basile, quale neo Sindaco, chiedendo la convocazione urgente del tavolo per l\u2019approvazione del documento definitivo per la nascita del \u201cCentro Diurno\u201d; non ricevendo alcun risconto, segnalavano i fatti al Prefetto di Messina in data 29.06.2022 per ottenerne interessamento ed aiuto. Il 1\u00b0 luglio con una conferenza stampa hanno cercato di spiegare alla citt\u00e0 l\u2019estrema gravit\u00e0 della situazione in cui vivono da anni e perch\u00e9 sia stato richiesto anche l\u2019intervento del Prefetto; lo stesso giorno dopo la conferenza stampa, <strong>i genitori, con i ragazzi disabili, Le hanno chiesto breve udienza di ascolto ma non sono stati ricevuti, dopo un\u2019attesa di circa 3 ore.<\/strong> Non si pu\u00f2 certo approvare come un buon viatico la insensibilit\u00e0 dimostrata nel Suo primo approccio con i cittadini e verso le fragilit\u00e0 sociali che la Sua amministrazione \u00e8 chiamata a rimodulare completamente e governare. Anche un breve saluto e una promessa di valutazione avrebbero dimostrato quantomeno disponibilit\u00e0 all\u2019ascolto, come Suo dovere.<\/p>\n\n\n\n<p>\u201cInvece nel pomeriggio leggiamo il Suo comunicato (n. 635) che di fatto non tiene conto di quanto, dopo anni, precedentemente si era riusciti a concordare. Superflua la precisazione che \u2018<em>sebbene sia dell\u2019ASP e non del Comune la competenza sul tema e la titolarit\u00e0 degli interventi da effettuare, non ci sottrarremo comunque al dovere di fare tutto ci\u00f2 che \u00e8 nelle nostre possibilit\u00e0.<\/em>\u2019 <strong>Sappiamo bene che l\u2019attore principale nella materia \u00e8 l\u2019ASP, ma il Sindaco \u00e8 la massima autorit\u00e0 sanitaria locale<\/strong> che rappresenta tutti i cittadini; \u00e8 un fatto che il Comune di Messina aveva sottoscritto nel 2017 un protocollo e il 7 Giugno 2022 concordato la modifica; si era in attesa del testo definitivo da parte del Dirigente dr. De Francesco. Oggi ci si attende che mantenga l\u2019impegno preso e\/o spieghi formalmente la propria volont\u00e0 sulla questione posta.<\/p>\n\n\n\n<p>\u201cAttendiamo di vedere concretamente in quali tempi e con quali modalit\u00e0 intenda adempiere al dovere di dare concrete ed immediate soluzioni alle gravi criticit\u00e0 da noi denunciate nella materia; da parte di Cittadinanzattiva e delle Associazioni interessate nessuna posizione preconcetta ma certo nessuna disponibilit\u00e0 a inutili e lunghe attese; si spera solo che, come avvenuto nella precedente amministrazione, le Strutture Comunali non continuino ad agire escludendo ogni partecipazione civica diretta ed il diritto di critica e di proposta dei cittadini in applicazione dell\u2019art.118 Costit. e dello stesso Statuto del Comune di Messina \u2013 Titolo III (partecipazione popolare- proposte &#8211; consulte)<\/p>\n\n\n\n<p><strong>\u201cLa presidente della Social City ci ha detto di non avere tempo per noi\u201d.<\/strong> \u201cDa ultimo, si deve rappresentare la gravit\u00e0 del comportamento della Presidente di \u201cMessina Social City\u201d (Valeria Asquini, ndr) che venendo meno ai suoi obblighi d\u2019ufficio ed al buon senso, pare si sia rivolta ai genitori che chiedevano notizie dei servizi con un incredibile \u201cnon ho tempo\u201d. I disabili e le loro famiglie qui rappresentate potranno rimanere in attesa per un ragionevole breve lasso di tempo ulteriore, ma certamente non cederanno i loro diritti all\u2019ignavia politica ed alla inefficienza amministrativa.<\/p>\n\n\n\n<p>\u201cLa nostra disponibilit\u00e0 a collaborare con la Sua Amministrazione \u00e8 altrettanto certa qualora se ne creino le condizioni, in trasparenza ed in maniera paritetica. Rimaniamo in attesa di convocazione, per un esame congiunto del percorso sin qui definito ed i successivi necessari adempimenti\u201d.<\/p>\n\n\n\n<p><strong>Angela Rizzo<\/strong><\/p>\n","protected":false},"excerpt":{"rendered":"<p>Angela Rizzo, responsabile regionale per i servizi sociali di Cittadinanzattiva, \u00e8 intervenuta con una lunga lettera aperta, indirizzata al sindaco Federico Basile, sulla mancata realizzazione, a distanza di circa 4 anni, del Centro diurno per bambini autistici. Un\u2019accurata disamina, che riportiamo in forma integrale, che ripercorre le principali tappe della travagliata storia del centro in [&hellip;]<\/p>\n","protected":false},"author":8,"featured_media":10428,"comment_status":"open","ping_status":"open","sticky":false,"template":"","format":"standard","meta":{"ub_ctt_via":"","_mi_skip_tracking":false},"categories":[6],"tags":[126,4720,2394,2972],"featured_image_src":"https:\/\/www.messinaoggi.it\/website\/wp-content\/uploads\/2017\/10\/alunni-con-disabilita-seminario.jpg","author_info":{"display_name":"red..me","author_link":"https:\/\/www.messinaoggi.it\/website\/author\/redstage\/"},"digistream_id":0,"digistream":false,"_links":{"self":[{"href":"https:\/\/www.messinaoggi.it\/website\/wp-json\/wp\/v2\/posts\/113149"}],"collection":[{"href":"https:\/\/www.messinaoggi.it\/website\/wp-json\/wp\/v2\/posts"}],"about":[{"href":"https:\/\/www.messinaoggi.it\/website\/wp-json\/wp\/v2\/types\/post"}],"author":[{"embeddable":true,"href":"https:\/\/www.messinaoggi.it\/website\/wp-json\/wp\/v2\/users\/8"}],"replies":[{"embeddable":true,"href":"https:\/\/www.messinaoggi.it\/website\/wp-json\/wp\/v2\/comments?post=113149"}],"version-history":[{"count":1,"href":"https:\/\/www.messinaoggi.it\/website\/wp-json\/wp\/v2\/posts\/113149\/revisions"}],"predecessor-version":[{"id":113150,"href":"https:\/\/www.messinaoggi.it\/website\/wp-json\/wp\/v2\/posts\/113149\/revisions\/113150"}],"wp:featuredmedia":[{"embeddable":true,"href":"https:\/\/www.messinaoggi.it\/website\/wp-json\/wp\/v2\/media\/10428"}],"wp:attachment":[{"href":"https:\/\/www.messinaoggi.it\/website\/wp-json\/wp\/v2\/media?parent=113149"}],"wp:term":[{"taxonomy":"category","embeddable":true,"href":"https:\/\/www.messinaoggi.it\/website\/wp-json\/wp\/v2\/categories?post=113149"},{"taxonomy":"post_tag","embeddable":true,"href":"https:\/\/www.messinaoggi.it\/website\/wp-json\/wp\/v2\/tags?post=113149"}],"curies":[{"name":"wp","href":"https:\/\/api.w.org\/{rel}","templated":true}]}}