{"id":113054,"date":"2022-07-02T15:07:51","date_gmt":"2022-07-02T13:07:51","guid":{"rendered":"https:\/\/www.messinaoggi.it\/website\/2022\/07\/02\/governo-di-maio-chi-vuole-farlo-cadere-non-sa-cosa-rischia\/"},"modified":"2022-07-02T15:07:51","modified_gmt":"2022-07-02T13:07:51","slug":"governo-di-maio-chi-vuole-farlo-cadere-non-sa-cosa-rischia","status":"publish","type":"post","link":"https:\/\/www.messinaoggi.it\/website\/2022\/07\/02\/governo-di-maio-chi-vuole-farlo-cadere-non-sa-cosa-rischia\/","title":{"rendered":"Governo, Di Maio \u201cChi vuole farlo cadere non sa cosa rischia\u201d"},"content":{"rendered":"<div>ROMA (ITALPRESS) &#8211; &#8220;In questo momento storico, chi vuole far cadere il governo o sa cosa rischia, e vuole fare del male al Paese, o non sa cosa si rischia&#8221;. Cos\u00ec il ministro degli Esteri, Luigi Di Maio, nel suo intervento a un incontro a Pomigliano. &#8220;Questo \u00e8 un Paese abituato a cambiare governo ogni anno e mezzo o ogni due anni, purtroppo per problemi fisiologici delle forze politiche, ma in questo momento storico del mondo, se il governo cade io non so a quanto pu\u00f2 arrivare lo spread, ma una cosa \u00e8 certa: i costi continueranno a salire per le famiglie, i tassi d&#8217;interesse sui mutui continueranno a salire, l&#8217;impatto sull&#8217;economia continuer\u00e0 a essere devastante perch\u00e8 nel mondo c&#8217;\u00e8 una grande fiducia in questo governo&#8221;, ha aggiunto.<br \/>\n&#8220;Lo dico non solo da ministro degli Esteri ma da italiano: voglio che ci possa essere in questo momento un Governo con un&#8217;ampia maggioranza come questa, perch\u00e8 dobbiamo prendere delle scelte e dobbiamo vincere delle battaglie in Europa. Il tetto massimo al prezzo del gas non lo possiamo fare in Italia, lo dobbiamo fare necessariamente in Europa, perch\u00e8 altrimenti si va a vendere in un atro paese europeo. Quando il premier si siede a quale tavolo, ha bisogno di dire ai suoi alleati europei o della Nato che dalla sua parte c&#8217;\u00e8 l&#8217;Italia e il Parlamento. Se mentre siamo al vertice Nato ci ritroviamo le solite scorribande della politica italiana, questo non ci rafforza&#8221;, ha concluso.<br \/>\n(ITALPRESS).<br \/>\n-foto agenziafotogramma.it-<\/div>\n<div id=\"div-gpt-ad-Messinaoggi.it-DSK-300x250-corpoart\" style=\"text-align:center;margin:0 auto;\"><\/div><\/p><div id=\"videoincontent\" style=\"clear:both\";><\/div>","protected":false},"excerpt":{"rendered":"<p>ROMA (ITALPRESS) &#8211; &#8220;In questo momento storico, chi vuole far cadere il governo o sa cosa rischia, e vuole fare del male al Paese, o non sa cosa si rischia&#8221;. Cos\u00ec il ministro degli Esteri, Luigi Di Maio, nel suo intervento a un incontro a Pomigliano. &#8220;Questo \u00e8 un Paese abituato a cambiare governo ogni [&hellip;]<\/p>\n","protected":false},"author":18,"featured_media":113055,"comment_status":"closed","ping_status":"closed","sticky":false,"template":"","format":"standard","meta":{"ub_ctt_via":"","_mi_skip_tracking":false},"categories":[446],"tags":[783],"featured_image_src":"https:\/\/www.messinaoggi.it\/website\/wp-content\/uploads\/2022\/07\/20220702_0832.jpg","author_info":{"display_name":"Admin","author_link":"https:\/\/www.messinaoggi.it\/website\/author\/admin\/"},"digistream_id":0,"digistream":false,"_links":{"self":[{"href":"https:\/\/www.messinaoggi.it\/website\/wp-json\/wp\/v2\/posts\/113054"}],"collection":[{"href":"https:\/\/www.messinaoggi.it\/website\/wp-json\/wp\/v2\/posts"}],"about":[{"href":"https:\/\/www.messinaoggi.it\/website\/wp-json\/wp\/v2\/types\/post"}],"author":[{"embeddable":true,"href":"https:\/\/www.messinaoggi.it\/website\/wp-json\/wp\/v2\/users\/18"}],"replies":[{"embeddable":true,"href":"https:\/\/www.messinaoggi.it\/website\/wp-json\/wp\/v2\/comments?post=113054"}],"version-history":[{"count":0,"href":"https:\/\/www.messinaoggi.it\/website\/wp-json\/wp\/v2\/posts\/113054\/revisions"}],"wp:featuredmedia":[{"embeddable":true,"href":"https:\/\/www.messinaoggi.it\/website\/wp-json\/wp\/v2\/media\/113055"}],"wp:attachment":[{"href":"https:\/\/www.messinaoggi.it\/website\/wp-json\/wp\/v2\/media?parent=113054"}],"wp:term":[{"taxonomy":"category","embeddable":true,"href":"https:\/\/www.messinaoggi.it\/website\/wp-json\/wp\/v2\/categories?post=113054"},{"taxonomy":"post_tag","embeddable":true,"href":"https:\/\/www.messinaoggi.it\/website\/wp-json\/wp\/v2\/tags?post=113054"}],"curies":[{"name":"wp","href":"https:\/\/api.w.org\/{rel}","templated":true}]}}