{"id":113048,"date":"2022-07-02T13:17:54","date_gmt":"2022-07-02T11:17:54","guid":{"rendered":"https:\/\/www.messinaoggi.it\/website\/2022\/07\/02\/regionali-sicilia-floridia-esperienza-di-governo-mio-valore-aggiunto\/"},"modified":"2022-07-02T13:17:54","modified_gmt":"2022-07-02T11:17:54","slug":"regionali-sicilia-floridia-esperienza-di-governo-mio-valore-aggiunto","status":"publish","type":"post","link":"https:\/\/www.messinaoggi.it\/website\/2022\/07\/02\/regionali-sicilia-floridia-esperienza-di-governo-mio-valore-aggiunto\/","title":{"rendered":"Regionali Sicilia, Floridia \u201cEsperienza di Governo mio valore aggiunto\u201d"},"content":{"rendered":"<div>\n<p>PALERMO (ITALPRESS) \u2013 \u201cSono tante le persone che devo ringraziare per avermi appoggiato in questo percorso, a cominciare da Giuseppe Conte. Con lui Giancarlo Cancelleri, Nuccio Di Paola, Luigi Sunseri. Per vincere queste primarie punto su quello che considero il mio valore aggiunto, ovvero l\u2019esperienza di governo\u201d. Ad affermarlo \u00e8 Barbara Floridia, candidata M5s alle primarie di coalizione per le Regionali siciliane, che a Palazzo dei Normanni ha inaugurato la propria candidatura. \u201cE\u2019 innegabile che il Movimento stia vivendo un momento particolare, ma in Sicilia siamo ancora molto forti \u2013 continua Floridia, \u2013 Mi viene da sorridere quando mi sento dare della straniera: la Sicilia \u00e8 la mia regione e la mia ragione, conosco benissimo le dinamiche di questa terra. Nella mia carriera mi sono sempre contraddistinta per la perseveranza, l\u2019energia, la sicurezza, l\u2019appartenenza. Le primarie sono uno straordinario esercizio di democrazia, \u00e8 giusta la scelta di estendere ai 16enni la possibilit\u00e0 di votare perch\u00e8 li coinvolge attivamente nella politica anzich\u00e8 spingerli verso una disaffezione\u201d.<div id=\"div-gpt-ad-Messinaoggi.it-DSK-300x250-corpoart\" style=\"text-align:center;margin:0 auto;\"><\/div><\/p>\n<p>\u2013 foto xd8\/Italpress \u2013<br \/>(ITALPRESS).<div id=\"videoincontent\" style=\"clear:both\";><\/div><\/p>\n<\/div>\n","protected":false},"excerpt":{"rendered":"<p>PALERMO (ITALPRESS) \u2013 \u201cSono tante le persone che devo ringraziare per avermi appoggiato in questo percorso, a cominciare da Giuseppe Conte. Con lui Giancarlo Cancelleri, Nuccio Di Paola, Luigi Sunseri. Per vincere queste primarie punto su quello che considero il mio valore aggiunto, ovvero l\u2019esperienza di governo\u201d. Ad affermarlo \u00e8 Barbara Floridia, candidata M5s alle [&hellip;]<\/p>\n","protected":false},"author":18,"featured_media":113049,"comment_status":"closed","ping_status":"closed","sticky":false,"template":"","format":"standard","meta":{"ub_ctt_via":"","_mi_skip_tracking":false},"categories":[2449],"tags":[783],"featured_image_src":"https:\/\/www.messinaoggi.it\/website\/wp-content\/uploads\/2022\/07\/20220702_0722.jpg","author_info":{"display_name":"Admin","author_link":"https:\/\/www.messinaoggi.it\/website\/author\/admin\/"},"digistream_id":0,"digistream":false,"_links":{"self":[{"href":"https:\/\/www.messinaoggi.it\/website\/wp-json\/wp\/v2\/posts\/113048"}],"collection":[{"href":"https:\/\/www.messinaoggi.it\/website\/wp-json\/wp\/v2\/posts"}],"about":[{"href":"https:\/\/www.messinaoggi.it\/website\/wp-json\/wp\/v2\/types\/post"}],"author":[{"embeddable":true,"href":"https:\/\/www.messinaoggi.it\/website\/wp-json\/wp\/v2\/users\/18"}],"replies":[{"embeddable":true,"href":"https:\/\/www.messinaoggi.it\/website\/wp-json\/wp\/v2\/comments?post=113048"}],"version-history":[{"count":0,"href":"https:\/\/www.messinaoggi.it\/website\/wp-json\/wp\/v2\/posts\/113048\/revisions"}],"wp:featuredmedia":[{"embeddable":true,"href":"https:\/\/www.messinaoggi.it\/website\/wp-json\/wp\/v2\/media\/113049"}],"wp:attachment":[{"href":"https:\/\/www.messinaoggi.it\/website\/wp-json\/wp\/v2\/media?parent=113048"}],"wp:term":[{"taxonomy":"category","embeddable":true,"href":"https:\/\/www.messinaoggi.it\/website\/wp-json\/wp\/v2\/categories?post=113048"},{"taxonomy":"post_tag","embeddable":true,"href":"https:\/\/www.messinaoggi.it\/website\/wp-json\/wp\/v2\/tags?post=113048"}],"curies":[{"name":"wp","href":"https:\/\/api.w.org\/{rel}","templated":true}]}}