{"id":11304,"date":"2017-11-13T11:48:04","date_gmt":"2017-11-13T10:48:04","guid":{"rendered":"http:\/\/www.messinaoggi.it\/website\/?p=11304"},"modified":"2017-11-13T11:48:04","modified_gmt":"2017-11-13T10:48:04","slug":"de-luca-a-cesa-lombardo-sia-indicato-assessore-regionale","status":"publish","type":"post","link":"https:\/\/www.messinaoggi.it\/website\/2017\/11\/13\/de-luca-a-cesa-lombardo-sia-indicato-assessore-regionale\/","title":{"rendered":"De Luca a Cesa: &quot;Lombardo sia indicato assessore regionale&quot;"},"content":{"rendered":"<p>Il neo deputato regionale di Udc &#8211; Sicilia Vera Cateno De Luca, in un video su Facebook fa un appello all&#8217;Udc nazionale chiedendo un posto nella giunta del presidente Musumeci per Giuseppe Lombardo, presidente di Sicilia Vera.<br \/>\n&#8220;Credo &#8211; spiega De Luca &#8211; che la provincia di Messina debba avere un rappresentante in giunta e penso che oggi un bel segnale sarebbe quello di indicare come assessore la massima espressione di Sicilia Vera il suo presidente Giuseppe Lombardo. Chiediamo quindi al presidente nazionale dell&#8217;Udc Antonio De Poli, al segretario nazionale del partito Lorenzo Cesa e all&#8217;esponente nazionale Pippo Naro di tenere conto di questo nostro desiderio per l&#8217;apporto che abbiamo dato in ambito regionale, per la progettualit\u00e0 che vorremo continuare insieme nei prossimi mesi, e anche per dare una risposta ai falsi moralisti e ai cultori dell&#8217; ipocrisia di Centro, Destra e Sinistra. Auspichiamo che la politica si riprenda il proprio ruolo contro l&#8217;invasione di ogni palazzo&#8221;. &#8220;Tra l&#8217;altro &#8211; prosegue De Luca Giuseppe Lombardo \u00e8 un&#8217;ottima scelta perch\u00e9 \u00e8 un professionista capace, un amministratore competente, una persona seria ed ha un curriculum politico di tutto rispetto&#8221;.<div id=\"div-gpt-ad-Messinaoggi.it-DSK-300x250-corpoart\" style=\"text-align:center;margin:0 auto;\"><\/div><\/p>\n<div id=\"videoincontent\" style=\"clear:both\";><\/div>","protected":false},"excerpt":{"rendered":"<p>Il neo deputato regionale di Udc &#8211; Sicilia Vera Cateno De Luca, in un video su Facebook fa un appello all&#8217;Udc nazionale chiedendo un posto nella giunta del presidente Musumeci per Giuseppe Lombardo, presidente di Sicilia Vera. &#8220;Credo &#8211; spiega De Luca &#8211; che la provincia di Messina debba avere un rappresentante in giunta e [&hellip;]<\/p>\n","protected":false},"author":2,"featured_media":9542,"comment_status":"closed","ping_status":"open","sticky":false,"template":"","format":"standard","meta":{"ub_ctt_via":"","_mi_skip_tracking":false},"categories":[4],"tags":[],"featured_image_src":"https:\/\/www.messinaoggi.it\/website\/wp-content\/uploads\/2017\/10\/cesac-de-luca-udcRRP_0224.jpg","author_info":{"display_name":"Redazione","author_link":"https:\/\/www.messinaoggi.it\/website\/author\/redazione\/"},"digistream_id":0,"digistream":false,"_links":{"self":[{"href":"https:\/\/www.messinaoggi.it\/website\/wp-json\/wp\/v2\/posts\/11304"}],"collection":[{"href":"https:\/\/www.messinaoggi.it\/website\/wp-json\/wp\/v2\/posts"}],"about":[{"href":"https:\/\/www.messinaoggi.it\/website\/wp-json\/wp\/v2\/types\/post"}],"author":[{"embeddable":true,"href":"https:\/\/www.messinaoggi.it\/website\/wp-json\/wp\/v2\/users\/2"}],"replies":[{"embeddable":true,"href":"https:\/\/www.messinaoggi.it\/website\/wp-json\/wp\/v2\/comments?post=11304"}],"version-history":[{"count":0,"href":"https:\/\/www.messinaoggi.it\/website\/wp-json\/wp\/v2\/posts\/11304\/revisions"}],"wp:featuredmedia":[{"embeddable":true,"href":"https:\/\/www.messinaoggi.it\/website\/wp-json\/wp\/v2\/media\/9542"}],"wp:attachment":[{"href":"https:\/\/www.messinaoggi.it\/website\/wp-json\/wp\/v2\/media?parent=11304"}],"wp:term":[{"taxonomy":"category","embeddable":true,"href":"https:\/\/www.messinaoggi.it\/website\/wp-json\/wp\/v2\/categories?post=11304"},{"taxonomy":"post_tag","embeddable":true,"href":"https:\/\/www.messinaoggi.it\/website\/wp-json\/wp\/v2\/tags?post=11304"}],"curies":[{"name":"wp","href":"https:\/\/api.w.org\/{rel}","templated":true}]}}