{"id":113038,"date":"2022-07-02T09:31:07","date_gmt":"2022-07-02T07:31:07","guid":{"rendered":"http:\/\/www.messinaoggi.it\/website\/?p=113038"},"modified":"2022-07-02T09:31:12","modified_gmt":"2022-07-02T07:31:12","slug":"asm-taormina-priolo-lascia-ora-pappalardo-e-poi-sparta","status":"publish","type":"post","link":"https:\/\/www.messinaoggi.it\/website\/2022\/07\/02\/asm-taormina-priolo-lascia-ora-pappalardo-e-poi-sparta\/","title":{"rendered":"Asm Taormina: Priolo lascia, ora Pappalardo e poi Spart\u00e0"},"content":{"rendered":"\n<p>Nunzio Priolo ha deciso di non proseguire la sua esperienza come direttore generale di Asm. Come si ricorder\u00e0 lo stesso Priolo aveva concordato un ulteriore mese di tempo per una decisione. La proroga \u00e8 scaduta alla fine di giugno, cos\u00ec il consiglio di amministrazione, presieduto da Alfio Auteri e di cui fanno parte Stefano Loria e Mario Smiroldo, ha deciso di nominare, ancora una volta, il comandante della polizia pocale, Agostino Pappalardo, che aveva gi\u00e0 ricoperto il ruolo di Direttore generale. Un ritorno, anche se brevissimo, di Pappalardo, alla guida della principale azienda cittadina, fino alla nomina del Direttore generale che verr\u00e0 discussa al prossimo Consiglio comunale previsto tra pochi giorni.<br>Il civico consesso dovrebbe discutere ed approvare la nomina di Salvatore Spart\u00e0, professionista che ha proposto la sua candidatura in occasione della precedente selezione, al termine della quale era stato scelto Priolo.<br>Pochi giorni, quindi, per far ripartire l&#8217;Asm al meglio delle potenzialit\u00e0.<br>Emergenza &#8220;Pianoporto&#8221;, Parcheggi, Funivia, Trasporto Pubblico e i quotidiani servizi essenziali alla Citt\u00e0, quali Manutenzione Illuminazione Pubblica e Acquedotto sono a rischio senza la figura del Direttore Generale con i poteri di rappresentanza legale.<br>Il Consiglio di Amministrazione, in poche ore, ha deliberato quanto necessario alla risoluzione del problema. Il Consiglio comunale \u00e8 chiamato a rispondere altrettanto velocemente.<div id=\"div-gpt-ad-Messinaoggi.it-DSK-300x250-corpoart\" style=\"text-align:center;margin:0 auto;\"><\/div><\/p>\n<div id=\"videoincontent\" style=\"clear:both\";><\/div>","protected":false},"excerpt":{"rendered":"<p>Nunzio Priolo ha deciso di non proseguire la sua esperienza come direttore generale di Asm. Come si ricorder\u00e0 lo stesso Priolo aveva concordato un ulteriore mese di tempo per una decisione. La proroga \u00e8 scaduta alla fine di giugno, cos\u00ec il consiglio di amministrazione, presieduto da Alfio Auteri e di cui fanno parte Stefano Loria [&hellip;]<\/p>\n","protected":false},"author":4,"featured_media":113039,"comment_status":"open","ping_status":"open","sticky":false,"template":"","format":"standard","meta":{"ub_ctt_via":"","_mi_skip_tracking":false},"categories":[3],"tags":[639],"featured_image_src":"https:\/\/www.messinaoggi.it\/website\/wp-content\/uploads\/2022\/07\/IMG-20220702-WA0008.jpg","author_info":{"display_name":"redme","author_link":"https:\/\/www.messinaoggi.it\/website\/author\/redme\/"},"digistream_id":0,"digistream":false,"_links":{"self":[{"href":"https:\/\/www.messinaoggi.it\/website\/wp-json\/wp\/v2\/posts\/113038"}],"collection":[{"href":"https:\/\/www.messinaoggi.it\/website\/wp-json\/wp\/v2\/posts"}],"about":[{"href":"https:\/\/www.messinaoggi.it\/website\/wp-json\/wp\/v2\/types\/post"}],"author":[{"embeddable":true,"href":"https:\/\/www.messinaoggi.it\/website\/wp-json\/wp\/v2\/users\/4"}],"replies":[{"embeddable":true,"href":"https:\/\/www.messinaoggi.it\/website\/wp-json\/wp\/v2\/comments?post=113038"}],"version-history":[{"count":1,"href":"https:\/\/www.messinaoggi.it\/website\/wp-json\/wp\/v2\/posts\/113038\/revisions"}],"predecessor-version":[{"id":113040,"href":"https:\/\/www.messinaoggi.it\/website\/wp-json\/wp\/v2\/posts\/113038\/revisions\/113040"}],"wp:featuredmedia":[{"embeddable":true,"href":"https:\/\/www.messinaoggi.it\/website\/wp-json\/wp\/v2\/media\/113039"}],"wp:attachment":[{"href":"https:\/\/www.messinaoggi.it\/website\/wp-json\/wp\/v2\/media?parent=113038"}],"wp:term":[{"taxonomy":"category","embeddable":true,"href":"https:\/\/www.messinaoggi.it\/website\/wp-json\/wp\/v2\/categories?post=113038"},{"taxonomy":"post_tag","embeddable":true,"href":"https:\/\/www.messinaoggi.it\/website\/wp-json\/wp\/v2\/tags?post=113038"}],"curies":[{"name":"wp","href":"https:\/\/api.w.org\/{rel}","templated":true}]}}