{"id":11303,"date":"2017-11-13T11:46:11","date_gmt":"2017-11-13T10:46:11","guid":{"rendered":"http:\/\/www.messinaoggi.it\/website\/?p=11303"},"modified":"2017-11-13T11:46:11","modified_gmt":"2017-11-13T10:46:11","slug":"tripodi-uil-solidarieta-ai-giornalisti-per-frase-di-taormina","status":"publish","type":"post","link":"https:\/\/www.messinaoggi.it\/website\/2017\/11\/13\/tripodi-uil-solidarieta-ai-giornalisti-per-frase-di-taormina\/","title":{"rendered":"Tripodi (Uil): &quot;Solidariet\u00e0 ai giornalisti per frase di Taormina&quot;"},"content":{"rendered":"<p> <br \/>\n&#8220;La UIL Messina esprime incondizionata solidariet\u00e0 a tutte le giornaliste e i giornalisti profondamente dileggiati dalle affermazioni dell\u2019avv. Carlo Taormina espresse, a Messina, nel corso del processo a carica del deputato regionale Cateno De Luca.Infatti, come noto, l\u2019avv. Taormina rivolgendosi alla categoria dei giornalisti ha testualmente affermato:\u201dE poi vi lamentate se vi danno le testate&#8230;\u201d. Lo afferma in una nota Ivan Tripodi, segretario generale della Uil Messina.<br \/>\n&#8220;Una frase-choc &#8211; aggiunge il sindacalista &#8211; , assolutamente ingiustificabile e fuori contesto, che, evidentemente, \u00e8 il frutto di una concezione del mondo dell\u2019informazione da respingere senza se e senza ma. La stampa libera \u00e8 un pilastro fondamentale e irrinunciabile sancito dalla Costituzione, nonch\u00e8 un punto fermo per la democrazia del nostro Paese. Quanto accaduto ad Ostia nei giorni scorsi \u00e8 agghiacciante e non pu\u00f2 trovare alcuna giustificazione o la bench\u00e9 minima comprensione.<br \/>\nConcordiamo con il Presidente dell\u2019Ordine dei Giornalisti della Sicilia Giulio Francese, il quale ha immediatamente contestato con veemenza le dichiarazioni dell\u2019avv. Taormina che rischiano di generare un clima di odio verso un\u2019intera categoria&#8221;.<br \/>\n <br \/>\nConclude Tripodi affermando che: &#8220;La UIL Messina sente il dovere morale di respingere le brutali affermazioni del penalista e di ribadire assoluta vicinanza ai cronisti e ai giornalisti che, con coraggio e molto spesso in condizioni lavorative fortemente precarie ed insicure, portano avanti un\u2018attivit\u00e0 indispensabile per la nostra societ\u00e0&#8221;.<br \/>\n <div id=\"div-gpt-ad-Messinaoggi.it-DSK-300x250-corpoart\" style=\"text-align:center;margin:0 auto;\"><\/div><\/p>\n<div id=\"videoincontent\" style=\"clear:both\";><\/div>","protected":false},"excerpt":{"rendered":"<p>&#8220;La UIL Messina esprime incondizionata solidariet\u00e0 a tutte le giornaliste e i giornalisti profondamente dileggiati dalle affermazioni dell\u2019avv. Carlo Taormina espresse, a Messina, nel corso del processo a carica del deputato regionale Cateno De Luca.Infatti, come noto, l\u2019avv. Taormina rivolgendosi alla categoria dei giornalisti ha testualmente affermato:\u201dE poi vi lamentate se vi danno le testate&#8230;\u201d. [&hellip;]<\/p>\n","protected":false},"author":2,"featured_media":8386,"comment_status":"closed","ping_status":"open","sticky":false,"template":"","format":"standard","meta":{"ub_ctt_via":"","_mi_skip_tracking":false},"categories":[5],"tags":[],"featured_image_src":"https:\/\/www.messinaoggi.it\/website\/wp-content\/uploads\/2017\/09\/ivan-tripodi-uilRRP_8325-2.jpg","author_info":{"display_name":"Redazione","author_link":"https:\/\/www.messinaoggi.it\/website\/author\/redazione\/"},"digistream_id":0,"digistream":false,"_links":{"self":[{"href":"https:\/\/www.messinaoggi.it\/website\/wp-json\/wp\/v2\/posts\/11303"}],"collection":[{"href":"https:\/\/www.messinaoggi.it\/website\/wp-json\/wp\/v2\/posts"}],"about":[{"href":"https:\/\/www.messinaoggi.it\/website\/wp-json\/wp\/v2\/types\/post"}],"author":[{"embeddable":true,"href":"https:\/\/www.messinaoggi.it\/website\/wp-json\/wp\/v2\/users\/2"}],"replies":[{"embeddable":true,"href":"https:\/\/www.messinaoggi.it\/website\/wp-json\/wp\/v2\/comments?post=11303"}],"version-history":[{"count":0,"href":"https:\/\/www.messinaoggi.it\/website\/wp-json\/wp\/v2\/posts\/11303\/revisions"}],"wp:featuredmedia":[{"embeddable":true,"href":"https:\/\/www.messinaoggi.it\/website\/wp-json\/wp\/v2\/media\/8386"}],"wp:attachment":[{"href":"https:\/\/www.messinaoggi.it\/website\/wp-json\/wp\/v2\/media?parent=11303"}],"wp:term":[{"taxonomy":"category","embeddable":true,"href":"https:\/\/www.messinaoggi.it\/website\/wp-json\/wp\/v2\/categories?post=11303"},{"taxonomy":"post_tag","embeddable":true,"href":"https:\/\/www.messinaoggi.it\/website\/wp-json\/wp\/v2\/tags?post=11303"}],"curies":[{"name":"wp","href":"https:\/\/api.w.org\/{rel}","templated":true}]}}