{"id":113026,"date":"2022-07-01T20:07:56","date_gmt":"2022-07-01T18:07:56","guid":{"rendered":"https:\/\/www.messinaoggi.it\/website\/2022\/07\/01\/letta-governo-arrivera-in-fondo-e-nellinteresse-del-paese\/"},"modified":"2022-07-01T20:07:56","modified_gmt":"2022-07-01T18:07:56","slug":"letta-governo-arrivera-in-fondo-e-nellinteresse-del-paese","status":"publish","type":"post","link":"https:\/\/www.messinaoggi.it\/website\/2022\/07\/01\/letta-governo-arrivera-in-fondo-e-nellinteresse-del-paese\/","title":{"rendered":"Letta \u201cGoverno arriver\u00e0 in fondo, \u00e8 nell\u2019interesse del Paese\u201d"},"content":{"rendered":"<div>ROMA (ITALPRESS) &#8211; &#8220;Ho sempre pensato che questo governo  arriver\u00e0 in fondo alla legislatura, ho sempre pensato che andr\u00e0 cos\u00ec perch\u00e8 \u00e8 nell&#8217;interesse del Paese. C&#8217;\u00e8 bisogno di stabilit\u00e0, c&#8217;\u00e8 bisogno che il governo continui a fare il suo lavoro e a farlo bene, soprattutto noi chiediamo la svolta sociale per l&#8217;autunno perch\u00e8 l&#8217;inflazione \u00e8 un pericolo per tutti e dobbiamo trovare delle risposte&#8221;. Lo ha detto il segretario del Pd, Enrico Letta, a margine di un evento organizzato da AreaDem a Cortona. In vista delle elezioni politiche, parlando di possibili alleanze, Letta ha spiegato che bisogna parlare &#8220;di come vogliamo costruire un progetto&#8221;. &#8220;Io &#8211; ha aggiunto &#8211; ho sempre detto che si parte dai contenuti. Se non ci si trova d&#8217;accordo sui temi non ci sono campi larghi o alleanze, si parte dai contenuti&#8221;.<br \/>&#8211; Foto Agenziafotogramma.it &#8211;<br \/>(ITALPRESS).<\/div>\n<div id=\"div-gpt-ad-Messinaoggi.it-DSK-300x250-corpoart\" style=\"text-align:center;margin:0 auto;\"><\/div><\/p><div id=\"videoincontent\" style=\"clear:both\";><\/div>","protected":false},"excerpt":{"rendered":"<p>ROMA (ITALPRESS) &#8211; &#8220;Ho sempre pensato che questo governo arriver\u00e0 in fondo alla legislatura, ho sempre pensato che andr\u00e0 cos\u00ec perch\u00e8 \u00e8 nell&#8217;interesse del Paese. C&#8217;\u00e8 bisogno di stabilit\u00e0, c&#8217;\u00e8 bisogno che il governo continui a fare il suo lavoro e a farlo bene, soprattutto noi chiediamo la svolta sociale per l&#8217;autunno perch\u00e8 l&#8217;inflazione \u00e8 [&hellip;]<\/p>\n","protected":false},"author":18,"featured_media":113027,"comment_status":"closed","ping_status":"closed","sticky":false,"template":"","format":"standard","meta":{"ub_ctt_via":"","_mi_skip_tracking":false},"categories":[446],"tags":[783],"featured_image_src":"https:\/\/www.messinaoggi.it\/website\/wp-content\/uploads\/2022\/07\/20220701_2234.jpg","author_info":{"display_name":"Admin","author_link":"https:\/\/www.messinaoggi.it\/website\/author\/admin\/"},"digistream_id":0,"digistream":false,"_links":{"self":[{"href":"https:\/\/www.messinaoggi.it\/website\/wp-json\/wp\/v2\/posts\/113026"}],"collection":[{"href":"https:\/\/www.messinaoggi.it\/website\/wp-json\/wp\/v2\/posts"}],"about":[{"href":"https:\/\/www.messinaoggi.it\/website\/wp-json\/wp\/v2\/types\/post"}],"author":[{"embeddable":true,"href":"https:\/\/www.messinaoggi.it\/website\/wp-json\/wp\/v2\/users\/18"}],"replies":[{"embeddable":true,"href":"https:\/\/www.messinaoggi.it\/website\/wp-json\/wp\/v2\/comments?post=113026"}],"version-history":[{"count":0,"href":"https:\/\/www.messinaoggi.it\/website\/wp-json\/wp\/v2\/posts\/113026\/revisions"}],"wp:featuredmedia":[{"embeddable":true,"href":"https:\/\/www.messinaoggi.it\/website\/wp-json\/wp\/v2\/media\/113027"}],"wp:attachment":[{"href":"https:\/\/www.messinaoggi.it\/website\/wp-json\/wp\/v2\/media?parent=113026"}],"wp:term":[{"taxonomy":"category","embeddable":true,"href":"https:\/\/www.messinaoggi.it\/website\/wp-json\/wp\/v2\/categories?post=113026"},{"taxonomy":"post_tag","embeddable":true,"href":"https:\/\/www.messinaoggi.it\/website\/wp-json\/wp\/v2\/tags?post=113026"}],"curies":[{"name":"wp","href":"https:\/\/api.w.org\/{rel}","templated":true}]}}