{"id":113000,"date":"2022-07-01T19:07:50","date_gmt":"2022-07-01T17:07:50","guid":{"rendered":"https:\/\/www.messinaoggi.it\/website\/2022\/07\/01\/ius-scholae-meloni-la-sinistra-mistifica-io-non-ho-cambiato-parere\/"},"modified":"2022-07-01T19:07:50","modified_gmt":"2022-07-01T17:07:50","slug":"ius-scholae-meloni-la-sinistra-mistifica-io-non-ho-cambiato-parere","status":"publish","type":"post","link":"https:\/\/www.messinaoggi.it\/website\/2022\/07\/01\/ius-scholae-meloni-la-sinistra-mistifica-io-non-ho-cambiato-parere\/","title":{"rendered":"Ius scholae, Meloni \u201cLa sinistra mistifica, io non ho cambiato parere\u201d"},"content":{"rendered":"<div>ROMA (ITALPRESS) &#8211; &#8220;La sinistra italiana ha trovato uno scoop enorme, &#8220;la Meloni 8 anni fa diceva di essere d&#8217;accordo con lo ius scholae mentre contestava lo ius soli, e poi Fratelli d&#8217;Italia voto contro, quindi la Meloni dice una cosa e ne fa un&#8217;altra&#8221;, perch\u00e8 loro pensano che sono tutti come loro. Solo che noi non siamo fatti cos\u00ec, infatti da 10 anni a questa parte diciamo la stessa cosa, siamo d&#8217;accordo con lo ius scholae ma questo prevede 10 anni di obbligo scolastico&#8221;. Lo ha detto la leader di Fratelli d&#8217;Italia, Giorgia Meloni, in un video sui social. &#8220;Se tu vuoi fare una norma che riconosca la cittadinanza sulla base della formazione del cittadino attraverso la scuola, segnalo che la scuola dell&#8217;obbligo dura 10 anni &#8211; ha aggiunto &#8211; invece la norma approvata dalla sinistra prevede 5 anni, una cosa completamente diversa che \u00e8 pi\u00f9 vicina allo ius soli. Perch\u00e8 passate la giornata a insultare o mistificare? Avete qualche difficolt\u00e0 a spiegare agli italiani perch\u00e8 in un momento come questo, mentre andiamo verso un autunno drammatico, vi state occupando di una materia che non \u00e8 prioritaria?&#8221;. <br \/>&#8211; foto agenziafotogramma.it &#8211;<br \/>(ITALPRESS).<\/div>\n<div id=\"div-gpt-ad-Messinaoggi.it-DSK-300x250-corpoart\" style=\"text-align:center;margin:0 auto;\"><\/div><\/p><div id=\"videoincontent\" style=\"clear:both\";><\/div>","protected":false},"excerpt":{"rendered":"<p>ROMA (ITALPRESS) &#8211; &#8220;La sinistra italiana ha trovato uno scoop enorme, &#8220;la Meloni 8 anni fa diceva di essere d&#8217;accordo con lo ius scholae mentre contestava lo ius soli, e poi Fratelli d&#8217;Italia voto contro, quindi la Meloni dice una cosa e ne fa un&#8217;altra&#8221;, perch\u00e8 loro pensano che sono tutti come loro. Solo che [&hellip;]<\/p>\n","protected":false},"author":18,"featured_media":113001,"comment_status":"closed","ping_status":"closed","sticky":false,"template":"","format":"standard","meta":{"ub_ctt_via":"","_mi_skip_tracking":false},"categories":[446],"tags":[783],"featured_image_src":"https:\/\/www.messinaoggi.it\/website\/wp-content\/uploads\/2022\/07\/20220701_1904.jpg","author_info":{"display_name":"Admin","author_link":"https:\/\/www.messinaoggi.it\/website\/author\/admin\/"},"digistream_id":0,"digistream":false,"_links":{"self":[{"href":"https:\/\/www.messinaoggi.it\/website\/wp-json\/wp\/v2\/posts\/113000"}],"collection":[{"href":"https:\/\/www.messinaoggi.it\/website\/wp-json\/wp\/v2\/posts"}],"about":[{"href":"https:\/\/www.messinaoggi.it\/website\/wp-json\/wp\/v2\/types\/post"}],"author":[{"embeddable":true,"href":"https:\/\/www.messinaoggi.it\/website\/wp-json\/wp\/v2\/users\/18"}],"replies":[{"embeddable":true,"href":"https:\/\/www.messinaoggi.it\/website\/wp-json\/wp\/v2\/comments?post=113000"}],"version-history":[{"count":0,"href":"https:\/\/www.messinaoggi.it\/website\/wp-json\/wp\/v2\/posts\/113000\/revisions"}],"wp:featuredmedia":[{"embeddable":true,"href":"https:\/\/www.messinaoggi.it\/website\/wp-json\/wp\/v2\/media\/113001"}],"wp:attachment":[{"href":"https:\/\/www.messinaoggi.it\/website\/wp-json\/wp\/v2\/media?parent=113000"}],"wp:term":[{"taxonomy":"category","embeddable":true,"href":"https:\/\/www.messinaoggi.it\/website\/wp-json\/wp\/v2\/categories?post=113000"},{"taxonomy":"post_tag","embeddable":true,"href":"https:\/\/www.messinaoggi.it\/website\/wp-json\/wp\/v2\/tags?post=113000"}],"curies":[{"name":"wp","href":"https:\/\/api.w.org\/{rel}","templated":true}]}}