{"id":112987,"date":"2022-07-01T17:07:53","date_gmt":"2022-07-01T15:07:53","guid":{"rendered":"https:\/\/www.messinaoggi.it\/website\/2022\/07\/01\/governo-dadone-appoggio-esterno-non-percorribile\/"},"modified":"2022-07-01T17:07:53","modified_gmt":"2022-07-01T15:07:53","slug":"governo-dadone-appoggio-esterno-non-percorribile","status":"publish","type":"post","link":"https:\/\/www.messinaoggi.it\/website\/2022\/07\/01\/governo-dadone-appoggio-esterno-non-percorribile\/","title":{"rendered":"Governo, Dadone \u201cAppoggio esterno non percorribile\u201d"},"content":{"rendered":"<div>ROMA (ITALPRESS) &#8211; &#8220;Siamo stati abbastanza chiari nel dire che in realt\u00e0 l&#8217;ipotesi di appoggio esterno non \u00e8 percorribile. Personalmente credo che la permanenza nel Governo sia la scelta giusta e sia importante anche nell&#8217;ottica del fatto che ci sia proprio questa spinta, compresa quella mediatica, a segnalare come sarebbe per noi pi\u00f9 utile uscire dal governo. Io credo per\u00f2 che sia una fase storica nella quale non ci si pu\u00f2 permettere questo tipo di scelta&#8221;. Lo ha detto il ministro delle politiche giovanili, Fabiana Dadone, a Sky TG24.<br \/>&#8220;Credo che anche quello che ha detto ieri il Presidente Draghi sia stato molto chiaro su questo, non vede governi oltre questo e senza di noi non pu\u00f2 vedere il prosieguo di questo esecutivo, per cui credo che la permanenza sia la scelta migliore&#8221;, ha aggiunto Dadone.<div id=\"div-gpt-ad-Messinaoggi.it-DSK-300x250-corpoart\" style=\"text-align:center;margin:0 auto;\"><\/div><\/p>\n<p>&#8211; foto agenziafotogramma.it &#8211;<div id=\"videoincontent\" style=\"clear:both\";><\/div><\/p>\n<p>(ITALPRESS).<\/p><\/div>\n","protected":false},"excerpt":{"rendered":"<p>ROMA (ITALPRESS) &#8211; &#8220;Siamo stati abbastanza chiari nel dire che in realt\u00e0 l&#8217;ipotesi di appoggio esterno non \u00e8 percorribile. Personalmente credo che la permanenza nel Governo sia la scelta giusta e sia importante anche nell&#8217;ottica del fatto che ci sia proprio questa spinta, compresa quella mediatica, a segnalare come sarebbe per noi pi\u00f9 utile uscire [&hellip;]<\/p>\n","protected":false},"author":18,"featured_media":112988,"comment_status":"closed","ping_status":"closed","sticky":false,"template":"","format":"standard","meta":{"ub_ctt_via":"","_mi_skip_tracking":false},"categories":[446],"tags":[783],"featured_image_src":"https:\/\/www.messinaoggi.it\/website\/wp-content\/uploads\/2022\/07\/20220701_1642.jpg","author_info":{"display_name":"Admin","author_link":"https:\/\/www.messinaoggi.it\/website\/author\/admin\/"},"digistream_id":0,"digistream":false,"_links":{"self":[{"href":"https:\/\/www.messinaoggi.it\/website\/wp-json\/wp\/v2\/posts\/112987"}],"collection":[{"href":"https:\/\/www.messinaoggi.it\/website\/wp-json\/wp\/v2\/posts"}],"about":[{"href":"https:\/\/www.messinaoggi.it\/website\/wp-json\/wp\/v2\/types\/post"}],"author":[{"embeddable":true,"href":"https:\/\/www.messinaoggi.it\/website\/wp-json\/wp\/v2\/users\/18"}],"replies":[{"embeddable":true,"href":"https:\/\/www.messinaoggi.it\/website\/wp-json\/wp\/v2\/comments?post=112987"}],"version-history":[{"count":0,"href":"https:\/\/www.messinaoggi.it\/website\/wp-json\/wp\/v2\/posts\/112987\/revisions"}],"wp:featuredmedia":[{"embeddable":true,"href":"https:\/\/www.messinaoggi.it\/website\/wp-json\/wp\/v2\/media\/112988"}],"wp:attachment":[{"href":"https:\/\/www.messinaoggi.it\/website\/wp-json\/wp\/v2\/media?parent=112987"}],"wp:term":[{"taxonomy":"category","embeddable":true,"href":"https:\/\/www.messinaoggi.it\/website\/wp-json\/wp\/v2\/categories?post=112987"},{"taxonomy":"post_tag","embeddable":true,"href":"https:\/\/www.messinaoggi.it\/website\/wp-json\/wp\/v2\/tags?post=112987"}],"curies":[{"name":"wp","href":"https:\/\/api.w.org\/{rel}","templated":true}]}}