{"id":112965,"date":"2022-07-01T16:07:55","date_gmt":"2022-07-01T14:07:55","guid":{"rendered":"https:\/\/www.messinaoggi.it\/website\/2022\/07\/01\/ucraina-von-der-leyen-strada-lunga-ma-europa-al-suo-fianco\/"},"modified":"2022-07-01T16:07:55","modified_gmt":"2022-07-01T14:07:55","slug":"ucraina-von-der-leyen-strada-lunga-ma-europa-al-suo-fianco","status":"publish","type":"post","link":"https:\/\/www.messinaoggi.it\/website\/2022\/07\/01\/ucraina-von-der-leyen-strada-lunga-ma-europa-al-suo-fianco\/","title":{"rendered":"Ucraina, Von Der Leyen \u201cStrada lunga ma Europa al suo fianco\u201d"},"content":{"rendered":"<div>BRUXELLES (ITALPRESS) &#8211; &#8220;Gli ucraini stanno combattendo coraggiosamente. L&#8217;Europa far\u00e0 tutto ci\u00f2 che \u00e8 in nostro potere per aiutare l&#8217;Ucraina a vincere questa guerra. E non ci fermeremo finch\u00e8 non prevarrete&#8221;. Cos\u00ec la presidente della Commissione europea, Ursula von der Leyen, nel suo discorso in videocollegamento al Parlamento di Kiev. &#8220;C&#8217;\u00e8 una lunga strada da percorrere per l&#8217;Ucraina, ma l&#8217;Europa sar\u00e0 al tuo fianco in ogni fase del percorso. Per ogni riforma, per tutto il tempo necessario. Da questi giorni bui di guerra fino al momento in cui si varca la soglia che conduce alla nostra Unione&#8221;, ha aggiunto.<br \/>Poi, von der Leyen ha sottolineato come &#8220;la ricostruzione del Paese e il vostro cammino europeo andranno di pari passo. L&#8217;Ucraina sar\u00e0 in testa. Dovranno venire enormi investimenti. Ma per massimizzare il loro impatto e promuovere la fiducia delle imprese, dovranno essere abbinati a una nuova ondata di riforme&#8221;.<br \/>Per la presidente della Commissione, &#8220;l&#8217;Ucraina ha ora una chiara prospettiva europea ed \u00e8 candidata all&#8217;adesione all&#8217;UE. Quindi oggi \u00e8 il momento di celebrare questo traguardo storico. Una vittoria di determinazione e determinazione&#8221;.<br \/>-foto agenziafotogramma.it &#8211;<br \/>(ITALPRESS).<\/div>\n<div id=\"div-gpt-ad-Messinaoggi.it-DSK-300x250-corpoart\" style=\"text-align:center;margin:0 auto;\"><\/div><\/p><div id=\"videoincontent\" style=\"clear:both\";><\/div>","protected":false},"excerpt":{"rendered":"<p>BRUXELLES (ITALPRESS) &#8211; &#8220;Gli ucraini stanno combattendo coraggiosamente. L&#8217;Europa far\u00e0 tutto ci\u00f2 che \u00e8 in nostro potere per aiutare l&#8217;Ucraina a vincere questa guerra. E non ci fermeremo finch\u00e8 non prevarrete&#8221;. Cos\u00ec la presidente della Commissione europea, Ursula von der Leyen, nel suo discorso in videocollegamento al Parlamento di Kiev. &#8220;C&#8217;\u00e8 una lunga strada da [&hellip;]<\/p>\n","protected":false},"author":18,"featured_media":112966,"comment_status":"closed","ping_status":"closed","sticky":false,"template":"","format":"standard","meta":{"ub_ctt_via":"","_mi_skip_tracking":false},"categories":[446],"tags":[783],"featured_image_src":"https:\/\/www.messinaoggi.it\/website\/wp-content\/uploads\/2022\/07\/20220701_0905.jpg","author_info":{"display_name":"Admin","author_link":"https:\/\/www.messinaoggi.it\/website\/author\/admin\/"},"digistream_id":0,"digistream":false,"_links":{"self":[{"href":"https:\/\/www.messinaoggi.it\/website\/wp-json\/wp\/v2\/posts\/112965"}],"collection":[{"href":"https:\/\/www.messinaoggi.it\/website\/wp-json\/wp\/v2\/posts"}],"about":[{"href":"https:\/\/www.messinaoggi.it\/website\/wp-json\/wp\/v2\/types\/post"}],"author":[{"embeddable":true,"href":"https:\/\/www.messinaoggi.it\/website\/wp-json\/wp\/v2\/users\/18"}],"replies":[{"embeddable":true,"href":"https:\/\/www.messinaoggi.it\/website\/wp-json\/wp\/v2\/comments?post=112965"}],"version-history":[{"count":0,"href":"https:\/\/www.messinaoggi.it\/website\/wp-json\/wp\/v2\/posts\/112965\/revisions"}],"wp:featuredmedia":[{"embeddable":true,"href":"https:\/\/www.messinaoggi.it\/website\/wp-json\/wp\/v2\/media\/112966"}],"wp:attachment":[{"href":"https:\/\/www.messinaoggi.it\/website\/wp-json\/wp\/v2\/media?parent=112965"}],"wp:term":[{"taxonomy":"category","embeddable":true,"href":"https:\/\/www.messinaoggi.it\/website\/wp-json\/wp\/v2\/categories?post=112965"},{"taxonomy":"post_tag","embeddable":true,"href":"https:\/\/www.messinaoggi.it\/website\/wp-json\/wp\/v2\/tags?post=112965"}],"curies":[{"name":"wp","href":"https:\/\/api.w.org\/{rel}","templated":true}]}}