{"id":112959,"date":"2022-07-01T15:02:50","date_gmt":"2022-07-01T13:02:50","guid":{"rendered":"https:\/\/www.messinaoggi.it\/website\/2022\/07\/01\/a-palermo-il-festino-di-santa-rosalia-canto-contro-la-peste\/"},"modified":"2022-07-01T15:02:50","modified_gmt":"2022-07-01T13:02:50","slug":"a-palermo-il-festino-di-santa-rosalia-canto-contro-la-peste","status":"publish","type":"post","link":"https:\/\/www.messinaoggi.it\/website\/2022\/07\/01\/a-palermo-il-festino-di-santa-rosalia-canto-contro-la-peste\/","title":{"rendered":"A Palermo il festino di Santa Rosalia, \u201cCanto contro la peste\u201d"},"content":{"rendered":"<div>\n<p>PALERMO (ITALPRESS) \u2013  \u201cCanto contro la peste\u201d. E\u2019 questo il titolo attribuito al 398esimo festino di Santa Rosalia, il tradizionale appuntamento che si terr\u00e0 dal 13 al 15 luglio e che rappresenta il pi\u00f9 alto atto di devozione da parte della citt\u00e0 di Palermo nei confronti della propria patrona. Dopo due anni di ridimensionamento a causa della pandemia, nonostante la risalita dei contagi quest\u2019anno si torna in presenza e tra la gente, in un festino corale e legato al tema della musica come salvezza da tutte le pestilenze e dunque anche per un superamento delle sofferenze che il Covid-19 ha inflitto al capoluogo siciliano.<br \/>Un\u2019edizione, quella del 2022, che \u00e8 stata presentata a due settimane dal via questa mattina nella splendida cornice del Salone Filangieri del Palazzo Arcivescovile di Palermo, alla presenza di monsignor Corrado Lorefice, vescovo della citt\u00e0, del sindaco Roberto Lagalla e di personalit\u00e0 di spicco del mondo della politica e della societ\u00e0 cittadine e regionali.<br \/>\u201cNon ci siamo ancora liberati dalla pandemia, la prima parola di questa edizione \u00e8 gioia, ma va misurata con la responsabilit\u00e0 visto che c\u2019\u00e8 una recrudescenza dei contagi \u2013 ha spiegato il vescovo Corrado Lorefice \u2013 Vogliamo per\u00f2 porre il segno di una festa, una festa nel nome del canto, che \u00e8 anche liberazione. La figura meravigliosa di Rosalia \u00e8 legata a questo, grazie a lei in un momento drammatico come fu la peste per Palermo \u00e8 stata motivo di un canto per i palermitani, U Triunfu. Noi vogliamo dare questo segno di speranza alla citt\u00e0 \u2013 ha aggiunto \u2013 che ci impegna a far s\u00ec che ognuno di noi possa contribuire a questo canto di liberazione, perch\u00e8 Palermo ha ancora bisogno di una liberazione\u201d. <br \/>Il Comune, le cui casse versano in una situazione complicatissima, ha ottenuto dall\u2019Assessorato ai Beni culturali 50 mila euro, ai quali si sommano le offerte e le somme investite da tutti gli altri partner che contribuiranno a vario titolo alla buona riuscita di un festino numero 398 che si prospetta come una celebrazione in musica delle diverse anime della citt\u00e0 di Palermo. <br \/>Una spesa complessiva che si attesta intorno ai 200 mila euro, con una novit\u00e0 sostanziale nella prassi rivelata dallo stesso Lagalla, che da quest\u2019anno intende portare con s\u00e8 sul carro due figure chiave della comunit\u00e0 cittadina per le tre tradizionali invocazioni. La prima spetter\u00e0 al primo cittadino, le altre due quest\u2019anno ad altrettanti operatori della sanit\u00e0 come omaggio alla loro battaglia contro il Covid: \u201cHo l\u2019entusiasmo di un neofita, di chi per due anni non ha vissuto il Festino, di un cattolico che crede che la grazia debba sempre di pi\u00f9 investire questa citt\u00e0 \u2013 ha dichiarato il sindaco Lagalla \u2013 Prevale il senso della liberazione, delle tenebre che possano trasformarsi in luce. Io raccomando comunque l\u2019uso delle mascherine, la protezione \u00e8 ancora necessaria per evitare una diffusione che possa assumere numeri pericolosi con un rischio per i pi\u00f9 fragili e i pi\u00f9 deboli. Questo festino \u00e8 una esibizione plastica, anche se su un piano molto pi\u00f9 laico, del precetto di padre Pino Puglisi e il suo \u2018Se ognuno fa qualcos\u00e0. Ogni istituzione della citt\u00e0 \u2013 ha concluso \u2013 ha deciso di aiutare il comune a sostenere la rinascita di un Festino che si prepara nel 2024 all\u2019edizione 400, che andr\u00e0 ovviamente organizzata doverosamente nel corso di tutto l\u2019anno\u201d. <br \/>A \u201cCanto contro la peste\u201d si affianca il sottotitolo \u201cNove orchestre e una preghiera\u201d, a testimoniare l\u2019importante contributo corale offerto dal gruppo di lavoro eterogeneo che si \u00e8 occupato di allestire il Festino in poco tempo. Con la direzione artistica di Maurizio Carta, prorettore dell\u2019Universit\u00e0 di Palermo, il comitato \u00e8 stato formato dall\u2019Universit\u00e0 degli Studi di Palermo, dalla Fondazione Teatro Massimo di Palermo, dall\u2019Accademia delle belle arti di Palermo, dalla Fondazione Teatro Biondo di Palermo, dal conservatorio Alessandro Scarlatti, dalla Fondazione Federico II, dalla Fondazione The Brass Group e dalla Fondazione Sant\u2019Elia. Come di consueto, il carro in onore di Santa Rosalia sfiler\u00e0 il 14 luglio lungo il Cassaro attraverso un percorso musicale \u201ca stazioni\u201d, partendo da Porta Nuova-Palazzo Reale, e scendendo corso Vittorio Emanuele facendo tappa dalla Cattedrale, a Piazza Vigliena (Quattro Canti), all\u2019incrocio con via Roma, quindi alle Mura delle Cattive per poi arrivare al Palchetto della Musica dove di l\u00ec a poco sar\u00e0 la volta dei fuochi d\u2019artificio. <br \/>\u201cQuesta direzione artistica corale \u2013 ha commentato Maurizio Carta, coordinatore del Comitato artistico-istituzionale \u2013 \u00e8 l\u2019occasione per riattivare il tavolo di lavoro di Palermo capitale della cultura 2018, potente comunit\u00e0 culturale e creativa per co-progettare il futuro di questa citt\u00e0\u201d. Il gruppo di lavoro per il Festino numero 398 sar\u00e0 permanente e gi\u00e0 all\u2019opera per la prossima edizione e, soprattutto, per i 400 anni della festa della \u201cSantuzza\u201d che saranno celebrati nel 2024.<br \/>foto xd7 <br \/>(ITALPRESS).<div id=\"div-gpt-ad-Messinaoggi.it-DSK-300x250-corpoart\" style=\"text-align:center;margin:0 auto;\"><\/div><\/p>\n<\/div>\n<div id=\"videoincontent\" style=\"clear:both\";><\/div>","protected":false},"excerpt":{"rendered":"<p>PALERMO (ITALPRESS) \u2013 \u201cCanto contro la peste\u201d. E\u2019 questo il titolo attribuito al 398esimo festino di Santa Rosalia, il tradizionale appuntamento che si terr\u00e0 dal 13 al 15 luglio e che rappresenta il pi\u00f9 alto atto di devozione da parte della citt\u00e0 di Palermo nei confronti della propria patrona. Dopo due anni di ridimensionamento a [&hellip;]<\/p>\n","protected":false},"author":18,"featured_media":112960,"comment_status":"closed","ping_status":"closed","sticky":false,"template":"","format":"standard","meta":{"ub_ctt_via":"","_mi_skip_tracking":false},"categories":[2449],"tags":[783],"featured_image_src":"https:\/\/www.messinaoggi.it\/website\/wp-content\/uploads\/2022\/07\/20220701_0868.jpg","author_info":{"display_name":"Admin","author_link":"https:\/\/www.messinaoggi.it\/website\/author\/admin\/"},"digistream_id":0,"digistream":false,"_links":{"self":[{"href":"https:\/\/www.messinaoggi.it\/website\/wp-json\/wp\/v2\/posts\/112959"}],"collection":[{"href":"https:\/\/www.messinaoggi.it\/website\/wp-json\/wp\/v2\/posts"}],"about":[{"href":"https:\/\/www.messinaoggi.it\/website\/wp-json\/wp\/v2\/types\/post"}],"author":[{"embeddable":true,"href":"https:\/\/www.messinaoggi.it\/website\/wp-json\/wp\/v2\/users\/18"}],"replies":[{"embeddable":true,"href":"https:\/\/www.messinaoggi.it\/website\/wp-json\/wp\/v2\/comments?post=112959"}],"version-history":[{"count":0,"href":"https:\/\/www.messinaoggi.it\/website\/wp-json\/wp\/v2\/posts\/112959\/revisions"}],"wp:featuredmedia":[{"embeddable":true,"href":"https:\/\/www.messinaoggi.it\/website\/wp-json\/wp\/v2\/media\/112960"}],"wp:attachment":[{"href":"https:\/\/www.messinaoggi.it\/website\/wp-json\/wp\/v2\/media?parent=112959"}],"wp:term":[{"taxonomy":"category","embeddable":true,"href":"https:\/\/www.messinaoggi.it\/website\/wp-json\/wp\/v2\/categories?post=112959"},{"taxonomy":"post_tag","embeddable":true,"href":"https:\/\/www.messinaoggi.it\/website\/wp-json\/wp\/v2\/tags?post=112959"}],"curies":[{"name":"wp","href":"https:\/\/api.w.org\/{rel}","templated":true}]}}