{"id":112956,"date":"2022-07-01T14:53:37","date_gmt":"2022-07-01T12:53:37","guid":{"rendered":"http:\/\/www.messinaoggi.it\/website\/?p=112956"},"modified":"2023-12-03T02:20:37","modified_gmt":"2023-12-03T01:20:37","slug":"slitta-lapertura-del-centro-diurno-per-autistici-basile-tra-un-cannolo-e-laltro-trovi-del-tempo-per-questi-bimbi","status":"publish","type":"post","link":"https:\/\/www.messinaoggi.it\/website\/2022\/07\/01\/slitta-lapertura-del-centro-diurno-per-autistici-basile-tra-un-cannolo-e-laltro-trovi-del-tempo-per-questi-bimbi\/","title":{"rendered":"Slitta l\u2019apertura del Centro diurno per autistici: \u201cBasile tra un cannolo e l&#8217;altro trovi del tempo per questi bimbi\u201d"},"content":{"rendered":"\n<p>In poco pi\u00f9 di tre mesi di commissariamento il commissario straordinario Leonardo Santoro era riuscito a fare quanto non era stato fatto negli ultimi quattro anni. Vale a dire riunire tutte le parti in un tavolo per realizzare a Messina, presso i locali del complesso Marino di Mortelle, il primo centro diurno per bambini affetti da disturbo dello spettro autistico. Era il 7 giugno e il risultato allora ottenuto faceva ben sperare in un\u2019immediata apertura del Centro in questione. L&#8217;IRCCS Centro Neurolesi, in particolare, ha ceduto il bioparco di Mortelle, con tutte le attrezzature e animali in esso presenti. Si tratta di un\u2019area di oltre 18 mila metri quadri, che include anche una vasta spiaggia, che andrebbe destinata a questa categoria di bambini.<div id=\"div-gpt-ad-Messinaoggi.it-DSK-300x250-corpoart\" style=\"text-align:center;margin:0 auto;\"><\/div><\/p>\n\n\n\n<p>\u201cDopo anni abbiamo realizzato questa richiesta grazie al commissario straordinario\u201d, ha dichiarato <strong>Angela Rizzo<\/strong> di Cittadinanzattiva, mentre aspettava \u2013 assieme al presidente dell\u2019associazione \u201cBambini speciali\u201d, Marco Bonanno, e ai genitori e ai rispettivi figli affetti da autismo \u2013 dietro la porta del neo sindaco Federico Basile per ottenere un incontro. Un incontro perch\u00e9 l\u2019apertura di questo Centro rischierebbe di slittare a non si sa quando proprio a causa dell\u2019attuale esecutivo: \u201cIl 7 giugno siamo riusciti a mettere in un tavolo Asp, commissario straordinario e dirigenti comunali per la nascita del Centro diurno. Il commissario ha dato mandato al dirigente del dipartimento politiche sociali e alla funzionaria, rispettivamente il dottor De Francesco e la dottoressa Tornesi, di preparare un apposito atto, chiudendo cos\u00ec definitivamente questo capitolo. L&#8217;amministrazione vincitrice delle ultime elezioni avrebbe dovuto sancire, attraverso uno specifico accordo, la nascita del Centro diurno. <strong>Di questo accordo, per\u00f2, ad oggi non c\u2019\u00e8 traccia<\/strong>\u201d.<div id=\"videoincontent\" style=\"clear:both\";><\/div><\/p>\n\n\n\n<p>\u201cVero \u00e8 che con l&#8217;amministrazione De Luca \u00e8 nato il Centro interpares, ma \u00e8 un centro di ricerca che nulla ha a che vedere con il centro che intendiamo noi. \u2013 prosegue Rizzo \u2013 Per i bambini con autismo non basta l&#8217;assistenza domiciliare e igienico-sanitaria negli orari di scuola. E a conferma del fatto che l&#8217;amministrazione precedente e quella attuale non hanno idea di come si gestiscano i servizi sociali, basta pensare al progetto villa Dante. Questo progetto, di fatto, prevede di piantare per ore ragazzini autistici sotto il sole cocente. Basterebbe invece portarli a mare, organizzare un lido dedicato, dando cos\u00ec ai genitori l&#8217;opportunit\u00e0 di organizzare la propria quotidianit\u00e0, come fare la spesa e mangiare una pizza assieme.<\/p>\n\n\n\n<p>\u201cAbbiamo scritto al neo sindaco, ma non ci ha degnato di una risposta. Ha preferito piuttosto partecipare a vari incontri per mangiare cannoli o seguire processioni, mentre per i bambini autistici non trova tempo. Abbiamo chiesto pertanto al prefetto di intervenire in modo autorevole. Nel frattempo, aspettiamo dietro l\u2019ufficio del sindaco, sperando che ci riceva tra un cannolo e un caff\u00e8\u201d.<\/p>\n\n\n\n<p>\u201cPer l&#8217;amministrazione comunale \u2013 ha affermato <strong>Bonanno <\/strong>\u2013 c&#8217;\u00e8 un problema di orgoglio. Un problema di orgoglio perch\u00e9 il commissario straordinario \u00e8 riuscito a fare in tre mesi quanto chiediamo da quattro anni. Poi purtroppo siamo andati a votare. Purtroppo perch\u00e9 dopo il voto \u00e8 tornata la stessa amministrazione che ci ha fatto perdere 4 anni per realizzare questo Centro.<\/p>\n\n\n\n<p>\u201cQuesta \u00e8 un\u2019amministrazione scarsa. E ci\u00f2 \u00e8 sotto gli occhi di tutti: vedere dei genitori con dei ragazzi affetti da gravi disabilit\u00e0 davanti alla porta di un sindaco che pensa a farsi le foto mentre mangia cannoli \u00e8 davvero avvilente. L\u2019amministrazione invece di tutelare i disabili tutela solo i lavoratori. Ma <strong>i genitori oggi presenti saranno gli stessi che dopodomani faranno rinuncia al servizio igienico, al servizio al trasporto e all\u2019assistenza alla comunicazione.<\/strong> Ma senza disabili i lavoratori che fanno? Vanno a casa del sindaco a fargli il giardino? Se li porta a casa sua a lavare i piatti? Pu\u00f2 farlo, ma lo faccia con i suoi soldi e non quelli pubblici.<\/p>\n\n\n\n<p>\u201cNon gli consentiremo pi\u00f9 di fare progetti ridicoli come quello a villa Dante. Perch\u00e9 mandare un bambino autistico a villa Dante con 40 gradi all\u2019ombra dove c&#8217;\u00e8 il circolo degli anziani \u00e8 ridicolo. Abbiamo bambini che si buttano a terra, che si sbattono la testa contro i pali, quando potrebbero avere 18 mila metri quadri sul mare, con un lido e un parco animali con cui giocare.<\/p>\n\n\n\n<p>\u201cAbbiamo chiesto al prefetto che svolga una funzione da garante. Perch\u00e9 mi secco mandare lettere a un sindaco che non le legge, nonostante il dirigente De Francesco mi conferma di averle ricevute. Al riguardo mi domando: Basile non lo sa che si risponde per iscritto a carta scritta? O forse deve consultarsi con De Luca che gli deve suggerire cosa rispondere?&#8221;.<\/p>\n\n\n\n<p>&#8220;Con la realizzazione del Centro potremmo avere pace anche noi. \u2013 hanno affermato alcune <strong>madri presenti al sit-in<\/strong> \u2013 Attualmente trascorriamo le giornate a casa con i nostri bambini, perch\u00e9 non possiamo di fatto uscire. Questa \u00e8 la nostra quotidianit\u00e0. L&#8217;amministrazione De Luca prima e Basile adesso non hanno fatto niente. <strong>Quattro anni fa De Luca ha fatto campagna elettorale sui nostri figli<\/strong>, dicendo che a Messina non c&#8217;era un Centro diurno e che i nostri bambini non potevano pi\u00f9 aspettare.<\/p>\n\n\n\n<p>\u201cTutti i giorni viaggiamo al centro di Nizza e aspettiamo tre ore in macchina perch\u00e9 a Messina non esiste niente di simile. Tra l&#8217;altro, viaggiare a Nizza significa viaggiare pi\u00f9 di mezz\u2019ora in macchina, e ci\u00f2 fa s\u00ec che i bambini arrivano gi\u00e0 stanchi. E quando saranno dimessi dal centro di Nizza &#8211; perch\u00e9 gi\u00e0 siamo stati avvisati &#8211; cosa faranno? Terapia a pagamento indebitandoci?<\/p>\n\n\n\n<p>\u201cOra che l&#8217;IRCCS ci ha dato la possibilit\u00e0 del Centro diurno, il sindaco Basile dovrebbe aprirlo immediatamente. Anche perch\u00e9 in estate cosa devono fare questi bambini? Andare a villa Dante con 40 gradi sotto il sole? All&#8217;istituto Marino avrebbero il mare a due passi e sarebbero a stretto contatto gli animali\u201d.<\/p>\n","protected":false},"excerpt":{"rendered":"<p>In poco pi\u00f9 di tre mesi di commissariamento il commissario straordinario Leonardo Santoro era riuscito a fare quanto non era stato fatto negli ultimi quattro anni. Vale a dire riunire tutte le parti in un tavolo per realizzare a Messina, presso i locali del complesso Marino di Mortelle, il primo centro diurno per bambini affetti [&hellip;]<\/p>\n","protected":false},"author":8,"featured_media":112957,"comment_status":"open","ping_status":"open","sticky":false,"template":"","format":"standard","meta":{"ub_ctt_via":"","_mi_skip_tracking":false},"categories":[6],"tags":[4721,4720,2394],"featured_image_src":"https:\/\/www.messinaoggi.it\/website\/wp-content\/uploads\/2022\/07\/10a7dfd4-656c-43ec-9fdc-e5f3e5da78e2.jpg","author_info":{"display_name":"red..me","author_link":"https:\/\/www.messinaoggi.it\/website\/author\/redstage\/"},"digistream_id":0,"digistream":false,"_links":{"self":[{"href":"https:\/\/www.messinaoggi.it\/website\/wp-json\/wp\/v2\/posts\/112956"}],"collection":[{"href":"https:\/\/www.messinaoggi.it\/website\/wp-json\/wp\/v2\/posts"}],"about":[{"href":"https:\/\/www.messinaoggi.it\/website\/wp-json\/wp\/v2\/types\/post"}],"author":[{"embeddable":true,"href":"https:\/\/www.messinaoggi.it\/website\/wp-json\/wp\/v2\/users\/8"}],"replies":[{"embeddable":true,"href":"https:\/\/www.messinaoggi.it\/website\/wp-json\/wp\/v2\/comments?post=112956"}],"version-history":[{"count":3,"href":"https:\/\/www.messinaoggi.it\/website\/wp-json\/wp\/v2\/posts\/112956\/revisions"}],"predecessor-version":[{"id":179334,"href":"https:\/\/www.messinaoggi.it\/website\/wp-json\/wp\/v2\/posts\/112956\/revisions\/179334"}],"wp:featuredmedia":[{"embeddable":true,"href":"https:\/\/www.messinaoggi.it\/website\/wp-json\/wp\/v2\/media\/112957"}],"wp:attachment":[{"href":"https:\/\/www.messinaoggi.it\/website\/wp-json\/wp\/v2\/media?parent=112956"}],"wp:term":[{"taxonomy":"category","embeddable":true,"href":"https:\/\/www.messinaoggi.it\/website\/wp-json\/wp\/v2\/categories?post=112956"},{"taxonomy":"post_tag","embeddable":true,"href":"https:\/\/www.messinaoggi.it\/website\/wp-json\/wp\/v2\/tags?post=112956"}],"curies":[{"name":"wp","href":"https:\/\/api.w.org\/{rel}","templated":true}]}}