{"id":112938,"date":"2022-07-01T13:08:05","date_gmt":"2022-07-01T11:08:05","guid":{"rendered":"https:\/\/www.messinaoggi.it\/website\/2022\/07\/01\/turismo-garavaglia-a-fine-anno-raggiungeremo-i-numeri-pre-pandemia\/"},"modified":"2022-07-01T13:08:05","modified_gmt":"2022-07-01T11:08:05","slug":"turismo-garavaglia-a-fine-anno-raggiungeremo-i-numeri-pre-pandemia","status":"publish","type":"post","link":"https:\/\/www.messinaoggi.it\/website\/2022\/07\/01\/turismo-garavaglia-a-fine-anno-raggiungeremo-i-numeri-pre-pandemia\/","title":{"rendered":"Turismo, Garavaglia \u201cA fine anno raggiungeremo i numeri pre-pandemia\u201d"},"content":{"rendered":"<div>SORRENTO (NAPOLI) (ITALPRESS) &#8211; &#8220;In tante realt\u00e0 abbiamo gi\u00e0 oggi raggiunto i numeri del 2019 che \u00e8 stato l&#8217;anno boom del turismo in Italia. Per cui \u00e8 credibile che a fine anno raggiungeremo i numeri del 2019, se non di pi\u00f9&#8221;. Lo ha detto il ministro del Turismo, Massimo Garavaglia, a margine del Global Youth Tourism Summit, a Sorrento.<br \/>&#8220;Il nostro obiettivo &#8211; ha aggiunto il ministro &#8211; \u00e8 stabilizzare questo risultato, anzi crescere ulteriormente nei prossimi anni, per\u00f2 per farlo ci dobbiamo organizzare e i suggerimenti che ci danno questi ragazzi che partecipano al Summit sono fondamentali&#8221;.<br \/>Il settore deve per\u00f2 fare i conti con la carenza del personale. &#8220;Ci sono ristoranti che sono aperti solo la sera o solo a mezzogiorno perch\u00e8 non riescono a garantire il servizio, \u00e8 oggettivamente un dramma &#8211; ha spiegato Garavaglia -. Bisogner\u00e0 analizzare bene perch\u00e8 non c&#8217;\u00e8 questo incrocio tra domanda e offerta, perch\u00e8 se hai il 9% di disoccupazione e ti mancano 350mila persone solo nel turismo, \u00e8 evidente che qualcosa non quadra. Serve organizzarci nel breve, medio e lungo termine, perch\u00e8 l&#8217;anno venturo non possiamo trovarci in questa stessa situazione&#8221;.<div id=\"div-gpt-ad-Messinaoggi.it-DSK-300x250-corpoart\" style=\"text-align:center;margin:0 auto;\"><\/div><\/p>\n<p>&#8211; foto agenziafotogramma.it &#8211;<div id=\"videoincontent\" style=\"clear:both\";><\/div><\/p>\n<p>(ITALPRESS).<\/p><\/div>\n","protected":false},"excerpt":{"rendered":"<p>SORRENTO (NAPOLI) (ITALPRESS) &#8211; &#8220;In tante realt\u00e0 abbiamo gi\u00e0 oggi raggiunto i numeri del 2019 che \u00e8 stato l&#8217;anno boom del turismo in Italia. Per cui \u00e8 credibile che a fine anno raggiungeremo i numeri del 2019, se non di pi\u00f9&#8221;. Lo ha detto il ministro del Turismo, Massimo Garavaglia, a margine del Global Youth [&hellip;]<\/p>\n","protected":false},"author":18,"featured_media":112939,"comment_status":"closed","ping_status":"closed","sticky":false,"template":"","format":"standard","meta":{"ub_ctt_via":"","_mi_skip_tracking":false},"categories":[446],"tags":[783],"featured_image_src":"https:\/\/www.messinaoggi.it\/website\/wp-content\/uploads\/2022\/07\/20220701_0491.jpg","author_info":{"display_name":"Admin","author_link":"https:\/\/www.messinaoggi.it\/website\/author\/admin\/"},"digistream_id":0,"digistream":false,"_links":{"self":[{"href":"https:\/\/www.messinaoggi.it\/website\/wp-json\/wp\/v2\/posts\/112938"}],"collection":[{"href":"https:\/\/www.messinaoggi.it\/website\/wp-json\/wp\/v2\/posts"}],"about":[{"href":"https:\/\/www.messinaoggi.it\/website\/wp-json\/wp\/v2\/types\/post"}],"author":[{"embeddable":true,"href":"https:\/\/www.messinaoggi.it\/website\/wp-json\/wp\/v2\/users\/18"}],"replies":[{"embeddable":true,"href":"https:\/\/www.messinaoggi.it\/website\/wp-json\/wp\/v2\/comments?post=112938"}],"version-history":[{"count":0,"href":"https:\/\/www.messinaoggi.it\/website\/wp-json\/wp\/v2\/posts\/112938\/revisions"}],"wp:featuredmedia":[{"embeddable":true,"href":"https:\/\/www.messinaoggi.it\/website\/wp-json\/wp\/v2\/media\/112939"}],"wp:attachment":[{"href":"https:\/\/www.messinaoggi.it\/website\/wp-json\/wp\/v2\/media?parent=112938"}],"wp:term":[{"taxonomy":"category","embeddable":true,"href":"https:\/\/www.messinaoggi.it\/website\/wp-json\/wp\/v2\/categories?post=112938"},{"taxonomy":"post_tag","embeddable":true,"href":"https:\/\/www.messinaoggi.it\/website\/wp-json\/wp\/v2\/tags?post=112938"}],"curies":[{"name":"wp","href":"https:\/\/api.w.org\/{rel}","templated":true}]}}