{"id":112936,"date":"2022-07-01T13:07:59","date_gmt":"2022-07-01T11:07:59","guid":{"rendered":"https:\/\/www.messinaoggi.it\/website\/2022\/07\/01\/conte-il-proporzionale-puo-essere-soluzione-contro-lastensionismo\/"},"modified":"2022-07-01T13:07:59","modified_gmt":"2022-07-01T11:07:59","slug":"conte-il-proporzionale-puo-essere-soluzione-contro-lastensionismo","status":"publish","type":"post","link":"https:\/\/www.messinaoggi.it\/website\/2022\/07\/01\/conte-il-proporzionale-puo-essere-soluzione-contro-lastensionismo\/","title":{"rendered":"Conte \u201cIl proporzionale pu\u00f2 essere soluzione contro l\u2019astensionismo\u201d"},"content":{"rendered":"<div>ROMA (ITALPRESS) &#8211; &#8220;Il tasso di democraticit\u00e0 del nostro sistema sta scendendo sempre pi\u00f9 in basso, i cittadini non partecipano perch\u00e8 ritengono di non poter incidere nelle scelte&#8221;. Lo ha detto il leader del M5S, Giuseppe Conte, nel corso dell&#8217;evento della Cgil &#8220;Il lavoro interroga&#8221;.<br \/>&#8220;Credo che la politica abbia grandi responsabilit\u00e0, una legge proporzionale potrebbe essere una soluzione &#8211; ha aggiunto -. La politica poi deve iniziare a comprendere i grandi cambiamenti del mondo del lavoro, non possiamo dire \u00e8 colpa del reddito di cittadinanza se non si accettano pi\u00f9 determinati lavori&#8221;.<div id=\"div-gpt-ad-Messinaoggi.it-DSK-300x250-corpoart\" style=\"text-align:center;margin:0 auto;\"><\/div><\/p>\n<p>&#8211; foto agenziafotogramma.it &#8211;<div id=\"videoincontent\" style=\"clear:both\";><\/div><\/p>\n<p>(ITALPRESS).<\/p><\/div>\n","protected":false},"excerpt":{"rendered":"<p>ROMA (ITALPRESS) &#8211; &#8220;Il tasso di democraticit\u00e0 del nostro sistema sta scendendo sempre pi\u00f9 in basso, i cittadini non partecipano perch\u00e8 ritengono di non poter incidere nelle scelte&#8221;. Lo ha detto il leader del M5S, Giuseppe Conte, nel corso dell&#8217;evento della Cgil &#8220;Il lavoro interroga&#8221;.&#8220;Credo che la politica abbia grandi responsabilit\u00e0, una legge proporzionale potrebbe [&hellip;]<\/p>\n","protected":false},"author":18,"featured_media":112937,"comment_status":"closed","ping_status":"closed","sticky":false,"template":"","format":"standard","meta":{"ub_ctt_via":"","_mi_skip_tracking":false},"categories":[446],"tags":[783],"featured_image_src":"https:\/\/www.messinaoggi.it\/website\/wp-content\/uploads\/2022\/07\/20220701_0467.jpg","author_info":{"display_name":"Admin","author_link":"https:\/\/www.messinaoggi.it\/website\/author\/admin\/"},"digistream_id":0,"digistream":false,"_links":{"self":[{"href":"https:\/\/www.messinaoggi.it\/website\/wp-json\/wp\/v2\/posts\/112936"}],"collection":[{"href":"https:\/\/www.messinaoggi.it\/website\/wp-json\/wp\/v2\/posts"}],"about":[{"href":"https:\/\/www.messinaoggi.it\/website\/wp-json\/wp\/v2\/types\/post"}],"author":[{"embeddable":true,"href":"https:\/\/www.messinaoggi.it\/website\/wp-json\/wp\/v2\/users\/18"}],"replies":[{"embeddable":true,"href":"https:\/\/www.messinaoggi.it\/website\/wp-json\/wp\/v2\/comments?post=112936"}],"version-history":[{"count":0,"href":"https:\/\/www.messinaoggi.it\/website\/wp-json\/wp\/v2\/posts\/112936\/revisions"}],"wp:featuredmedia":[{"embeddable":true,"href":"https:\/\/www.messinaoggi.it\/website\/wp-json\/wp\/v2\/media\/112937"}],"wp:attachment":[{"href":"https:\/\/www.messinaoggi.it\/website\/wp-json\/wp\/v2\/media?parent=112936"}],"wp:term":[{"taxonomy":"category","embeddable":true,"href":"https:\/\/www.messinaoggi.it\/website\/wp-json\/wp\/v2\/categories?post=112936"},{"taxonomy":"post_tag","embeddable":true,"href":"https:\/\/www.messinaoggi.it\/website\/wp-json\/wp\/v2\/tags?post=112936"}],"curies":[{"name":"wp","href":"https:\/\/api.w.org\/{rel}","templated":true}]}}