{"id":112925,"date":"2022-07-01T12:31:30","date_gmt":"2022-07-01T10:31:30","guid":{"rendered":"http:\/\/www.messinaoggi.it\/website\/?p=112925"},"modified":"2022-07-01T12:32:16","modified_gmt":"2022-07-01T10:32:16","slug":"mega-strizza-locchio-a-barbara-floridia-e-de-luca-sinfuria","status":"publish","type":"post","link":"https:\/\/www.messinaoggi.it\/website\/2022\/07\/01\/mega-strizza-locchio-a-barbara-floridia-e-de-luca-sinfuria\/","title":{"rendered":"Mega strizza l&#8217;occhio a Barbara Floridia e De Luca s&#8217;infuria"},"content":{"rendered":"\n<p>&#8220;L&#8217;endorsement esplicito da parte del presidente dell&#8217;Autorit\u00e0 di sistema portuale Mario Mega nei confronti di Barbara Floridia \u00e8 un errore di stile che non pu\u00f2 passare inosservato&#8221;. Lo dice in una il leader di Sicilia Vera, Cateno De Luca, candidato alla presidenza della Regione siciliana. &#8220;Con un post sui social il presidente Mega manifesta il suo sostegno alla candidata alle primarie nel centrosinistra Barbara Floridia. Sembra che Mega &#8211; osserva De Luca &#8211; si sia dimenticato che il suo ruolo istituzionale gli imporrebbe un atteggiamento super partes. Non \u00e8 accettabile che chi rappresenta l&#8217;autorit\u00e0 di sistema svolga funzioni di comitato elettorale del centrosinistra&#8221;. &#8220;La sua gestione \u00e8 stata fallimentare sotto tutti i punti di vista. Grazie alla nostra azione siamo riusciti a impedire a Mega di concretizzare qualche affare politico come ad esempio il deposito di gas naturale a Pistunina che noi abbiamo contrastato mentre guarda caso il Movimento 5 stelle restava in silenzio a guardare. Una cosa \u00e8 certa &#8211; conclude De Luca -, una volta eletto presidente della Regione pretender\u00f2 la rimozione di Mega dal suo ruolo. Nel frattempo, mi auguro che si renda conto della inopportunit\u00e0 della sua esternazione&#8221;. <div id=\"div-gpt-ad-Messinaoggi.it-DSK-300x250-corpoart\" style=\"text-align:center;margin:0 auto;\"><\/div><\/p>\n<div id=\"videoincontent\" style=\"clear:both\";><\/div>","protected":false},"excerpt":{"rendered":"<p>&#8220;L&#8217;endorsement esplicito da parte del presidente dell&#8217;Autorit\u00e0 di sistema portuale Mario Mega nei confronti di Barbara Floridia \u00e8 un errore di stile che non pu\u00f2 passare inosservato&#8221;. Lo dice in una il leader di Sicilia Vera, Cateno De Luca, candidato alla presidenza della Regione siciliana. &#8220;Con un post sui social il presidente Mega manifesta il [&hellip;]<\/p>\n","protected":false},"author":4,"featured_media":45326,"comment_status":"open","ping_status":"open","sticky":false,"template":"","format":"standard","meta":{"ub_ctt_via":"","_mi_skip_tracking":false},"categories":[19],"tags":[699,126,728],"featured_image_src":"https:\/\/www.messinaoggi.it\/website\/wp-content\/uploads\/2020\/07\/cateno-de-luca-3.jpg","author_info":{"display_name":"redme","author_link":"https:\/\/www.messinaoggi.it\/website\/author\/redme\/"},"digistream_id":0,"digistream":false,"_links":{"self":[{"href":"https:\/\/www.messinaoggi.it\/website\/wp-json\/wp\/v2\/posts\/112925"}],"collection":[{"href":"https:\/\/www.messinaoggi.it\/website\/wp-json\/wp\/v2\/posts"}],"about":[{"href":"https:\/\/www.messinaoggi.it\/website\/wp-json\/wp\/v2\/types\/post"}],"author":[{"embeddable":true,"href":"https:\/\/www.messinaoggi.it\/website\/wp-json\/wp\/v2\/users\/4"}],"replies":[{"embeddable":true,"href":"https:\/\/www.messinaoggi.it\/website\/wp-json\/wp\/v2\/comments?post=112925"}],"version-history":[{"count":1,"href":"https:\/\/www.messinaoggi.it\/website\/wp-json\/wp\/v2\/posts\/112925\/revisions"}],"predecessor-version":[{"id":112927,"href":"https:\/\/www.messinaoggi.it\/website\/wp-json\/wp\/v2\/posts\/112925\/revisions\/112927"}],"wp:featuredmedia":[{"embeddable":true,"href":"https:\/\/www.messinaoggi.it\/website\/wp-json\/wp\/v2\/media\/45326"}],"wp:attachment":[{"href":"https:\/\/www.messinaoggi.it\/website\/wp-json\/wp\/v2\/media?parent=112925"}],"wp:term":[{"taxonomy":"category","embeddable":true,"href":"https:\/\/www.messinaoggi.it\/website\/wp-json\/wp\/v2\/categories?post=112925"},{"taxonomy":"post_tag","embeddable":true,"href":"https:\/\/www.messinaoggi.it\/website\/wp-json\/wp\/v2\/tags?post=112925"}],"curies":[{"name":"wp","href":"https:\/\/api.w.org\/{rel}","templated":true}]}}