{"id":112902,"date":"2022-06-30T23:07:51","date_gmt":"2022-06-30T21:07:51","guid":{"rendered":"https:\/\/www.messinaoggi.it\/website\/2022\/06\/30\/milan-e-maldini-ancora-insieme-felici-per-il-rinnovo\/"},"modified":"2022-07-01T11:23:43","modified_gmt":"2022-07-01T09:23:43","slug":"milan-e-maldini-ancora-insieme-felici-per-il-rinnovo","status":"publish","type":"post","link":"https:\/\/www.messinaoggi.it\/website\/2022\/06\/30\/milan-e-maldini-ancora-insieme-felici-per-il-rinnovo\/","title":{"rendered":"Milan e Maldini ancora insieme \u201cFelici per il rinnovo\u201d"},"content":{"rendered":"<div>MILANO (ITALPRESS) &#8211; Alla fine la tanto attesa fumata bianca \u00e8 arrivata. A pochi minuti dalla scadenza del contratto, Paolo Maldini, uscendo dalla sede del Milan, ha confermato l&#8217;avvenuto accordo per il tanto atteso prolungamento: &#8220;E&#8217; tutto a posto, all&#8217;ultimo abbiamo rinnovato &#8211; ha detto ai giornalisti presenti fuori da Casa Milan -. Siamo contenti di essere qui e della stagione. Siamo contenti di programmare un futuro sempre vincente. Come sar\u00e0 il Milan? Adesso vediamo, c&#8217;\u00e8 tempo. Siamo partiti un p\u00f2 in ritardo ma recupereremo. Sono felice, anche se non si vede sono molto felice&#8221;. L&#8217;annuncio ufficiale dovrebbe slittare in mattinata (da capire anche la durata che potrebbe essere biennale), ma poco importa, quel che conta per i tifosi (molto preoccupati negli ultimi giorni) \u00e8 che la squadra di dirigenti che tanto determinante \u00e8 risultata per la conquista dell&#8217;ultimo scudetto vada avanti. Un sorriso, quello di Maldini, che ha chiuso una giornata lunga ed estenuante, con il direttore tecnico e quello sportivo, Frederic Massara, arrivati in ufficio intorno alle 11, dove ad attenderli c&#8217;erano le bozze provenienti da New York con le ultime correzioni sui contratti. <br \/>Nel primo pomeriggio Massara \u00e8 poi partito per Rimini, dove era tra gli invitati alla cerimonia di apertura del calciomercato, lasciando Maldini in sede insieme ai suoi legali, con i quali si \u00e8 trattenuto fino a tarda serata per limare gli ultimi dettagli. Quelli decisivi che hanno portato alla firma. Il Milan di Maldini va avanti, e il mercato pu\u00f2 finalmente iniziare. <br \/>&#8211; foto Image &#8211; <br \/>(ITALPRESS).<\/div>\n<div id=\"div-gpt-ad-Messinaoggi.it-DSK-300x250-corpoart\" style=\"text-align:center;margin:0 auto;\"><\/div><\/p><div id=\"videoincontent\" style=\"clear:both\";><\/div>","protected":false},"excerpt":{"rendered":"<p>MILANO (ITALPRESS) &#8211; Alla fine la tanto attesa fumata bianca \u00e8 arrivata. A pochi minuti dalla scadenza del contratto, Paolo Maldini, uscendo dalla sede del Milan, ha confermato l&#8217;avvenuto accordo per il tanto atteso prolungamento: &#8220;E&#8217; tutto a posto, all&#8217;ultimo abbiamo rinnovato &#8211; ha detto ai giornalisti presenti fuori da Casa Milan -. Siamo contenti [&hellip;]<\/p>\n","protected":false},"author":18,"featured_media":112903,"comment_status":"closed","ping_status":"closed","sticky":false,"template":"","format":"standard","meta":{"ub_ctt_via":"","_mi_skip_tracking":false},"categories":[10,446,9],"tags":[783],"featured_image_src":"https:\/\/www.messinaoggi.it\/website\/wp-content\/uploads\/2022\/06\/20220630_2914.jpg","author_info":{"display_name":"Admin","author_link":"https:\/\/www.messinaoggi.it\/website\/author\/admin\/"},"digistream_id":0,"digistream":false,"_links":{"self":[{"href":"https:\/\/www.messinaoggi.it\/website\/wp-json\/wp\/v2\/posts\/112902"}],"collection":[{"href":"https:\/\/www.messinaoggi.it\/website\/wp-json\/wp\/v2\/posts"}],"about":[{"href":"https:\/\/www.messinaoggi.it\/website\/wp-json\/wp\/v2\/types\/post"}],"author":[{"embeddable":true,"href":"https:\/\/www.messinaoggi.it\/website\/wp-json\/wp\/v2\/users\/18"}],"replies":[{"embeddable":true,"href":"https:\/\/www.messinaoggi.it\/website\/wp-json\/wp\/v2\/comments?post=112902"}],"version-history":[{"count":1,"href":"https:\/\/www.messinaoggi.it\/website\/wp-json\/wp\/v2\/posts\/112902\/revisions"}],"predecessor-version":[{"id":112918,"href":"https:\/\/www.messinaoggi.it\/website\/wp-json\/wp\/v2\/posts\/112902\/revisions\/112918"}],"wp:featuredmedia":[{"embeddable":true,"href":"https:\/\/www.messinaoggi.it\/website\/wp-json\/wp\/v2\/media\/112903"}],"wp:attachment":[{"href":"https:\/\/www.messinaoggi.it\/website\/wp-json\/wp\/v2\/media?parent=112902"}],"wp:term":[{"taxonomy":"category","embeddable":true,"href":"https:\/\/www.messinaoggi.it\/website\/wp-json\/wp\/v2\/categories?post=112902"},{"taxonomy":"post_tag","embeddable":true,"href":"https:\/\/www.messinaoggi.it\/website\/wp-json\/wp\/v2\/tags?post=112902"}],"curies":[{"name":"wp","href":"https:\/\/api.w.org\/{rel}","templated":true}]}}