{"id":112865,"date":"2022-06-30T18:08:08","date_gmt":"2022-06-30T16:08:08","guid":{"rendered":"https:\/\/www.messinaoggi.it\/website\/2022\/06\/30\/bianchi-istruzione-fondamentale-per-una-societa-aperta\/"},"modified":"2022-06-30T18:08:08","modified_gmt":"2022-06-30T16:08:08","slug":"bianchi-istruzione-fondamentale-per-una-societa-aperta","status":"publish","type":"post","link":"https:\/\/www.messinaoggi.it\/website\/2022\/06\/30\/bianchi-istruzione-fondamentale-per-una-societa-aperta\/","title":{"rendered":"Bianchi \u201cIstruzione fondamentale per una societ\u00e0 aperta\u201d"},"content":{"rendered":"<div>ROMA (ITALPRESS) &#8211; &#8220;Una societ\u00e0 pi\u00f9 equa e pi\u00f9 giusta \u00e8 possibile soltanto se riusciamo ad estendere il diritto all&#8217;educazione, promuovendo il superamento delle barriere di genere, sociali ed economiche. Non bastano quindi semplici cambiamenti ma \u00e8 necessaria una reale trasformazione dei sistemi educativi che permetta a tutte le bambine e tutti i bambini l&#8217;accesso al diritto all&#8217;istruzione&#8221;. Lo ha detto il ministro dell&#8217;Istruzione Patrizio Bianchi, intervenendo al &#8220;Transforming Education Pre-Summit&#8221; nella sede dell&#8217;Unesco a Parigi.<br \/>&#8220;La trasformazione dell&#8217;educazione \u00e8 la leva fondamentale di uno sviluppo sostenibile e di una societ\u00e0 pi\u00f9 aperta. In un momento di forte tensione internazionale come quello che stiamo vivendo \u00e8 fondamentale ritrovarsi come abbiamo potuto fare qui all&#8217;Unesco per rafforzare il dialogo e la cooperazione&#8221;, ha sottolineato Bianchi.<br \/>Il vertice, cui hanno partecipato pi\u00f9 di 150 ministri, associazioni, studentesse e studenti, \u00e8 stato organizzato nell&#8217;ambito del processo di preparazione dell&#8217;appuntamento convocato dal Segretario Generale delle Nazioni Unite, Ant\u00f2nio Guterres, per l&#8217;apertura dell&#8217;Assemblea Onu di settembre, con l&#8217;obiettivo di mobilitare l&#8217;impegno politico e sociale a favore di una nuova visione dell&#8217;educazione e dell&#8217;istruzione nel mondo.<br \/>Nel corso del Pre-Summit, il ministro ha illustrato il lavoro che il nostro Paese ha svolto finora nel suo ruolo di co-leader del primo dei 5 action track tematici individuati in vista del vertice autunnale, &#8220;Inclusive, equitable, safe and healthy schools&#8221;.<br \/>&#8220;Parlare di inclusione significa parlare di democrazia. L&#8217;impegno necessario per garantire una piena inclusione di ragazze e ragazzi non riguarda dunque solo la scuola ma l&#8217;intera societ\u00e0, che si fa comunit\u00e0 intorno alle studentesse e agli studenti&#8221;, ha aggiunto Bianchi.<br \/>Il Pre-Summit \u00e8 stato anche l&#8217;occasione per fare il punto sulle rispettive consultazioni nazionali che i Paesi hanno svolto nei mesi scorsi. Il documento italiano, &#8220;La scuola di domani&#8221;, \u00e8 stato elaborato dalle Consulte studentesche ed \u00e8 frutto di un processo di confronto anche con il Forum Nazionale delle Associazioni dei Genitori della Scuola (FONAGS), l&#8217;Osservatorio permanente per l&#8217;inclusione scolastica, l&#8217;Osservatorio nazionale per l&#8217;integrazione degli alunni stranieri e per l&#8217;intercultura e il Consiglio Superiore della Pubblica Istruzione (CSPI). &#8220;La scuola di domani&#8221; raccoglie le proposte per una scuola che studentesse e studenti vogliono inclusiva, pienamente accessibile, aperta alla societ\u00e0, partecipata e attenta al benessere di chi la vive.<br \/>Durante il vertice all&#8217;Unesco, il Ministro Bianchi ha avuto l&#8217;occasione di confrontarsi a livello bilaterale con gli omologhi di diversi Paesi, tra i quali il ministro dell&#8217;Istruzione e della Scienza ucraino Serhiy Schkarlet.<div id=\"div-gpt-ad-Messinaoggi.it-DSK-300x250-corpoart\" style=\"text-align:center;margin:0 auto;\"><\/div><\/p>\n<p>&#8211; foto agenziafotogramma.it &#8211;<div id=\"videoincontent\" style=\"clear:both\";><\/div><\/p>\n<p>(ITALPRESS).<\/p><\/div>\n","protected":false},"excerpt":{"rendered":"<p>ROMA (ITALPRESS) &#8211; &#8220;Una societ\u00e0 pi\u00f9 equa e pi\u00f9 giusta \u00e8 possibile soltanto se riusciamo ad estendere il diritto all&#8217;educazione, promuovendo il superamento delle barriere di genere, sociali ed economiche. Non bastano quindi semplici cambiamenti ma \u00e8 necessaria una reale trasformazione dei sistemi educativi che permetta a tutte le bambine e tutti i bambini l&#8217;accesso [&hellip;]<\/p>\n","protected":false},"author":18,"featured_media":112866,"comment_status":"closed","ping_status":"closed","sticky":false,"template":"","format":"standard","meta":{"ub_ctt_via":"","_mi_skip_tracking":false},"categories":[446],"tags":[783],"featured_image_src":"https:\/\/www.messinaoggi.it\/website\/wp-content\/uploads\/2022\/06\/20220630_2183.jpg","author_info":{"display_name":"Admin","author_link":"https:\/\/www.messinaoggi.it\/website\/author\/admin\/"},"digistream_id":0,"digistream":false,"_links":{"self":[{"href":"https:\/\/www.messinaoggi.it\/website\/wp-json\/wp\/v2\/posts\/112865"}],"collection":[{"href":"https:\/\/www.messinaoggi.it\/website\/wp-json\/wp\/v2\/posts"}],"about":[{"href":"https:\/\/www.messinaoggi.it\/website\/wp-json\/wp\/v2\/types\/post"}],"author":[{"embeddable":true,"href":"https:\/\/www.messinaoggi.it\/website\/wp-json\/wp\/v2\/users\/18"}],"replies":[{"embeddable":true,"href":"https:\/\/www.messinaoggi.it\/website\/wp-json\/wp\/v2\/comments?post=112865"}],"version-history":[{"count":0,"href":"https:\/\/www.messinaoggi.it\/website\/wp-json\/wp\/v2\/posts\/112865\/revisions"}],"wp:featuredmedia":[{"embeddable":true,"href":"https:\/\/www.messinaoggi.it\/website\/wp-json\/wp\/v2\/media\/112866"}],"wp:attachment":[{"href":"https:\/\/www.messinaoggi.it\/website\/wp-json\/wp\/v2\/media?parent=112865"}],"wp:term":[{"taxonomy":"category","embeddable":true,"href":"https:\/\/www.messinaoggi.it\/website\/wp-json\/wp\/v2\/categories?post=112865"},{"taxonomy":"post_tag","embeddable":true,"href":"https:\/\/www.messinaoggi.it\/website\/wp-json\/wp\/v2\/tags?post=112865"}],"curies":[{"name":"wp","href":"https:\/\/api.w.org\/{rel}","templated":true}]}}