{"id":112863,"date":"2022-06-30T18:08:01","date_gmt":"2022-06-30T16:08:01","guid":{"rendered":"https:\/\/www.messinaoggi.it\/website\/2022\/06\/30\/letta-sosteniamo-questo-governo-non-altri\/"},"modified":"2022-06-30T18:08:01","modified_gmt":"2022-06-30T16:08:01","slug":"letta-sosteniamo-questo-governo-non-altri","status":"publish","type":"post","link":"https:\/\/www.messinaoggi.it\/website\/2022\/06\/30\/letta-sosteniamo-questo-governo-non-altri\/","title":{"rendered":"Letta \u201cSosteniamo questo Governo, non altri\u201d"},"content":{"rendered":"<div>ROMA (ITALPRESS) &#8211; &#8220;Il governo che \u00e8 entrato nell&#8217;ultimo anno di vita \u00e8 stato un governo d&#8217;eccezione e come tale deve rimanere. Noi sosterremo questo governo fino alle fine se rimane questo governo, altrimenti non saremo pi\u00f9 della partita&#8221;. Lo ha detto il segretario del Pd, Enrico Letta, nella relazione alla direzione nazionale del partito. Alle comunali &#8220;siamo andati bene perch\u00e8 siamo stati uniti, inclusivi e scientifici&#8221;. &#8220;Gli altri erano divisi perch\u00e8 non avevano i luoghi e la voglia di parlarsi. Noi &#8211; ha proseguito Letta &#8211; siamo stati uniti perch\u00e8 abbiamo capito che in passato abbiamo pagato troppi prezzi alle nostre divisioni. Siamo stati inclusivi: il Pd &#8211; ha aggiunto il segretario dem &#8211; \u00e8 stato generoso, intelligente e lungimirante con i nostri alleati, con le liste civiche, con la costruzione di coalizioni. E scientifici, perch\u00e8 siamo stati in grado ogni volta di fare la scelta giusta sui candidati. L&#8217;unit\u00e0 che dobbiamo preservare non \u00e8 l&#8217;unit\u00e0 di facciata, o l&#8217;unit\u00e0 che serve al Segretario. La mia unit\u00e0 &#8211; ha concluso Letta &#8211; \u00e8 legata all&#8217;idea di una rappresentanza collettiva, globale, e vorrei fosse uno sforzo di tutti&#8221;.<br \/>-foto agenziafotogramma.it &#8211;<br \/>(ITALPRESS).<\/div>\n<div id=\"div-gpt-ad-Messinaoggi.it-DSK-300x250-corpoart\" style=\"text-align:center;margin:0 auto;\"><\/div><\/p><div id=\"videoincontent\" style=\"clear:both\";><\/div>","protected":false},"excerpt":{"rendered":"<p>ROMA (ITALPRESS) &#8211; &#8220;Il governo che \u00e8 entrato nell&#8217;ultimo anno di vita \u00e8 stato un governo d&#8217;eccezione e come tale deve rimanere. Noi sosterremo questo governo fino alle fine se rimane questo governo, altrimenti non saremo pi\u00f9 della partita&#8221;. Lo ha detto il segretario del Pd, Enrico Letta, nella relazione alla direzione nazionale del partito. [&hellip;]<\/p>\n","protected":false},"author":18,"featured_media":112864,"comment_status":"closed","ping_status":"closed","sticky":false,"template":"","format":"standard","meta":{"ub_ctt_via":"","_mi_skip_tracking":false},"categories":[446],"tags":[783],"featured_image_src":"https:\/\/www.messinaoggi.it\/website\/wp-content\/uploads\/2022\/06\/20220630_2163.jpg","author_info":{"display_name":"Admin","author_link":"https:\/\/www.messinaoggi.it\/website\/author\/admin\/"},"digistream_id":0,"digistream":false,"_links":{"self":[{"href":"https:\/\/www.messinaoggi.it\/website\/wp-json\/wp\/v2\/posts\/112863"}],"collection":[{"href":"https:\/\/www.messinaoggi.it\/website\/wp-json\/wp\/v2\/posts"}],"about":[{"href":"https:\/\/www.messinaoggi.it\/website\/wp-json\/wp\/v2\/types\/post"}],"author":[{"embeddable":true,"href":"https:\/\/www.messinaoggi.it\/website\/wp-json\/wp\/v2\/users\/18"}],"replies":[{"embeddable":true,"href":"https:\/\/www.messinaoggi.it\/website\/wp-json\/wp\/v2\/comments?post=112863"}],"version-history":[{"count":0,"href":"https:\/\/www.messinaoggi.it\/website\/wp-json\/wp\/v2\/posts\/112863\/revisions"}],"wp:featuredmedia":[{"embeddable":true,"href":"https:\/\/www.messinaoggi.it\/website\/wp-json\/wp\/v2\/media\/112864"}],"wp:attachment":[{"href":"https:\/\/www.messinaoggi.it\/website\/wp-json\/wp\/v2\/media?parent=112863"}],"wp:term":[{"taxonomy":"category","embeddable":true,"href":"https:\/\/www.messinaoggi.it\/website\/wp-json\/wp\/v2\/categories?post=112863"},{"taxonomy":"post_tag","embeddable":true,"href":"https:\/\/www.messinaoggi.it\/website\/wp-json\/wp\/v2\/tags?post=112863"}],"curies":[{"name":"wp","href":"https:\/\/api.w.org\/{rel}","templated":true}]}}