{"id":112857,"date":"2022-06-30T17:07:51","date_gmt":"2022-06-30T15:07:51","guid":{"rendered":"https:\/\/www.messinaoggi.it\/website\/2022\/06\/30\/nato-guerini-decisioni-fondamentali-per-la-difesa-collettiva\/"},"modified":"2022-06-30T17:07:51","modified_gmt":"2022-06-30T15:07:51","slug":"nato-guerini-decisioni-fondamentali-per-la-difesa-collettiva","status":"publish","type":"post","link":"https:\/\/www.messinaoggi.it\/website\/2022\/06\/30\/nato-guerini-decisioni-fondamentali-per-la-difesa-collettiva\/","title":{"rendered":"Nato, Guerini \u201cDecisioni fondamentali per la difesa collettiva\u201d"},"content":{"rendered":"<div>ROMA (ITALPRESS) &#8211; &#8220;Sicurezza, libert\u00e0, diritti: non sono dati acquisiti, sono beni da difendere giorno per giorno, anche dalle minacce esterne. A Madrid, con il nuovo Concetto Strategico, abbiamo preso decisioni che assicureranno la nostra difesa collettiva negli anni a venire&#8221;. Cos\u00ec il Ministro della Difesa, Lorenzo Guerini, commentando gli esiti del summit NATO di Madrid, che ha visto l&#8217;approvazione del nuovo &#8220;Concetto Strategico&#8221;: il documento programmatico che aggiorna quello precedente, deliberato a Lisbona nel 2010, e definir\u00e0 gli orientamenti della politica di difesa dell&#8217;Alleanza nel presente e nel prossimo futuro. Tra i temi del vertice, anche la prosecuzione del sostegno alla resistenza Ucraina, con il varo di un ulteriore pacchetto di aiuti, nonch\u00e8 il rafforzamento della capacit\u00e0 di deterrenza e difesa della NATO. In questo ambito, \u00e8 stato peraltro annunciato l&#8217;adattamento della presenza militare statunitense in Europa: aspetto che, per quanto riguarda l&#8217;Italia, comporter\u00e0 lo schieramento &#8211; a seguito delle previste procedure di autorizzazione &#8211; di 65 unit\u00e0 aggiuntive di personale nonch\u00e8 di una batteria per la difesa aerea a corto raggio, destinata a consentire la rotazione di analoghe batterie gi\u00e0 schierate sul &#8220;Fianco Est&#8221;. <br \/>Al centro del summit, soprattutto l&#8217;ingresso nell&#8217;Alleanza di Finlandia e Svezia: scenario verso il quale \u00e8 stato compiuto un passo importante con la firma del memorandum tra i due Paesi nord-europei e la Turchia.<br \/>&#8220;Questo summit \u00e8 un momento storico&#8221;, ha aggiunto il Ministro Guerini, &#8220;un momento di trasformazione. Evolversi senza perdere la propria identit\u00e0, adattarsi ai tempi che cambiano: sono i segreti del successo di un&#8217;organizzazione difensiva che, in 73 anni di storia, ha saputo rinnovarsi mantenendo intatta la sua missione: difendere i propri membri dalle minacce esterne, senza costituire una minaccia per altri&#8221;. <br \/>&#8220;Sono particolarmente felice&#8221;, ha proseguito il Ministro, &#8220;che il vertice sia stato la dimostrazione della forte coesione tra Alleati &#8211; riaffermata anche dal comune e rinnovato impegno a sostegno della resistenza Ucraina e della lotta per i suoi diritti &#8211; e che sia stato compiuto un passo importante verso l&#8217;ingresso di Finlandia e Svezia nell&#8217;Alleanza&#8221;.<br \/>Il Ministro della Difesa si \u00e8 altres\u00ec soffermato sulla centralit\u00e0 attribuita dall&#8217;Alleanza al cosiddetto &#8220;Fianco Sud&#8221;, cui oggi \u00e8 stata dedicata una specifica sessione dei lavori del Consiglio Nord-Atlantico alla quale il Ministro Guerini ha partecipato in rappresentanza del Presidente del Consiglio dei Ministri. &#8220;Nella dichiarazione dei Capi di Stato e di Governo, in apertura di vertice&#8221;, ha dichiarato Guerini, &#8220;si \u00e8 fatto esplicito riferimento a una NATO a 360\u00b0. Oggi abbiamo discusso di &#8216;Fianco Sud&#8217;, ossia di Mediterraneo e aree a esso connesse, di supporto alla stabilit\u00e0 in Africa, dell&#8217;importanza di assicurare, anche per il futuro, un&#8217;azione preventiva nei confronti di fenomeni tuttora insidiosi come il terrorismo. In questi due giorni abbiamo parlato, inoltre, delle ripercussioni sulla sicurezza dei cambiamenti climatici, di scenari complessi i cui effetti vanno per\u00f2 governati. Sono temi fondamentali per il futuro di tutti, in linea con gli auspici dell&#8217;Italia, anticipati dalla recente direttiva sulla Strategia per il Mediterraneo&#8221;. <br \/>&#8211; foto ufficio stampa Ministero Difesa &#8211;<br \/>(ITALPRESS).<\/div>\n<div id=\"div-gpt-ad-Messinaoggi.it-DSK-300x250-corpoart\" style=\"text-align:center;margin:0 auto;\"><\/div><\/p><div id=\"videoincontent\" style=\"clear:both\";><\/div>","protected":false},"excerpt":{"rendered":"<p>ROMA (ITALPRESS) &#8211; &#8220;Sicurezza, libert\u00e0, diritti: non sono dati acquisiti, sono beni da difendere giorno per giorno, anche dalle minacce esterne. A Madrid, con il nuovo Concetto Strategico, abbiamo preso decisioni che assicureranno la nostra difesa collettiva negli anni a venire&#8221;. Cos\u00ec il Ministro della Difesa, Lorenzo Guerini, commentando gli esiti del summit NATO di [&hellip;]<\/p>\n","protected":false},"author":18,"featured_media":112858,"comment_status":"closed","ping_status":"closed","sticky":false,"template":"","format":"standard","meta":{"ub_ctt_via":"","_mi_skip_tracking":false},"categories":[446],"tags":[783],"featured_image_src":"https:\/\/www.messinaoggi.it\/website\/wp-content\/uploads\/2022\/06\/20220630_1919.jpg","author_info":{"display_name":"Admin","author_link":"https:\/\/www.messinaoggi.it\/website\/author\/admin\/"},"digistream_id":0,"digistream":false,"_links":{"self":[{"href":"https:\/\/www.messinaoggi.it\/website\/wp-json\/wp\/v2\/posts\/112857"}],"collection":[{"href":"https:\/\/www.messinaoggi.it\/website\/wp-json\/wp\/v2\/posts"}],"about":[{"href":"https:\/\/www.messinaoggi.it\/website\/wp-json\/wp\/v2\/types\/post"}],"author":[{"embeddable":true,"href":"https:\/\/www.messinaoggi.it\/website\/wp-json\/wp\/v2\/users\/18"}],"replies":[{"embeddable":true,"href":"https:\/\/www.messinaoggi.it\/website\/wp-json\/wp\/v2\/comments?post=112857"}],"version-history":[{"count":0,"href":"https:\/\/www.messinaoggi.it\/website\/wp-json\/wp\/v2\/posts\/112857\/revisions"}],"wp:featuredmedia":[{"embeddable":true,"href":"https:\/\/www.messinaoggi.it\/website\/wp-json\/wp\/v2\/media\/112858"}],"wp:attachment":[{"href":"https:\/\/www.messinaoggi.it\/website\/wp-json\/wp\/v2\/media?parent=112857"}],"wp:term":[{"taxonomy":"category","embeddable":true,"href":"https:\/\/www.messinaoggi.it\/website\/wp-json\/wp\/v2\/categories?post=112857"},{"taxonomy":"post_tag","embeddable":true,"href":"https:\/\/www.messinaoggi.it\/website\/wp-json\/wp\/v2\/tags?post=112857"}],"curies":[{"name":"wp","href":"https:\/\/api.w.org\/{rel}","templated":true}]}}