{"id":112833,"date":"2022-06-30T16:07:52","date_gmt":"2022-06-30T14:07:52","guid":{"rendered":"https:\/\/www.messinaoggi.it\/website\/2022\/06\/30\/biden-sosterremo-lucraina-finche-necessario\/"},"modified":"2022-06-30T16:07:52","modified_gmt":"2022-06-30T14:07:52","slug":"biden-sosterremo-lucraina-finche-necessario","status":"publish","type":"post","link":"https:\/\/www.messinaoggi.it\/website\/2022\/06\/30\/biden-sosterremo-lucraina-finche-necessario\/","title":{"rendered":"Biden \u201cSosterremo l\u2019Ucraina finch\u00e8 necessario\u201d"},"content":{"rendered":"<div>MADRID (ITALPRESS) &#8211;  &#8220;E&#8217; stato un vertice storico&#8221;. Lo ha detto il presidente degli Stati Uniti, Joe Biden, nella conferenza stampa al termine del vertice Nato di Madrid. <br \/>&#8220;Prima dell&#8217;inizio del conflitto &#8211; aggiunge &#8211; ho detto che ci saremmo rafforzati o saremmo diventati pi\u00f9 uniti e che le democrazie avrebbero difeso l&#8217;ordine basato sulle regole. Questo \u00e8 esattamente ci\u00f2 che stiamo vedendo oggi&#8221;. Nei prossimi giorni gli Stati Uniti invieranno nuove armi all&#8217;Ucraina per 800 milioni di dollari.  &#8220;Continueremo a sostenere l&#8217;Ucraina finch\u00e8 necessario&#8221;,ha aggiunto Biden.<br \/>-foto agenziafotogramma.it &#8211;<br \/>(ITALPRESS).<\/div>\n<div id=\"div-gpt-ad-Messinaoggi.it-DSK-300x250-corpoart\" style=\"text-align:center;margin:0 auto;\"><\/div><\/p><div id=\"videoincontent\" style=\"clear:both\";><\/div>","protected":false},"excerpt":{"rendered":"<p>MADRID (ITALPRESS) &#8211; &#8220;E&#8217; stato un vertice storico&#8221;. Lo ha detto il presidente degli Stati Uniti, Joe Biden, nella conferenza stampa al termine del vertice Nato di Madrid. &#8220;Prima dell&#8217;inizio del conflitto &#8211; aggiunge &#8211; ho detto che ci saremmo rafforzati o saremmo diventati pi\u00f9 uniti e che le democrazie avrebbero difeso l&#8217;ordine basato sulle [&hellip;]<\/p>\n","protected":false},"author":18,"featured_media":112834,"comment_status":"closed","ping_status":"closed","sticky":false,"template":"","format":"standard","meta":{"ub_ctt_via":"","_mi_skip_tracking":false},"categories":[446],"tags":[783],"featured_image_src":"https:\/\/www.messinaoggi.it\/website\/wp-content\/uploads\/2022\/06\/20220630_1793.jpg","author_info":{"display_name":"Admin","author_link":"https:\/\/www.messinaoggi.it\/website\/author\/admin\/"},"digistream_id":0,"digistream":false,"_links":{"self":[{"href":"https:\/\/www.messinaoggi.it\/website\/wp-json\/wp\/v2\/posts\/112833"}],"collection":[{"href":"https:\/\/www.messinaoggi.it\/website\/wp-json\/wp\/v2\/posts"}],"about":[{"href":"https:\/\/www.messinaoggi.it\/website\/wp-json\/wp\/v2\/types\/post"}],"author":[{"embeddable":true,"href":"https:\/\/www.messinaoggi.it\/website\/wp-json\/wp\/v2\/users\/18"}],"replies":[{"embeddable":true,"href":"https:\/\/www.messinaoggi.it\/website\/wp-json\/wp\/v2\/comments?post=112833"}],"version-history":[{"count":0,"href":"https:\/\/www.messinaoggi.it\/website\/wp-json\/wp\/v2\/posts\/112833\/revisions"}],"wp:featuredmedia":[{"embeddable":true,"href":"https:\/\/www.messinaoggi.it\/website\/wp-json\/wp\/v2\/media\/112834"}],"wp:attachment":[{"href":"https:\/\/www.messinaoggi.it\/website\/wp-json\/wp\/v2\/media?parent=112833"}],"wp:term":[{"taxonomy":"category","embeddable":true,"href":"https:\/\/www.messinaoggi.it\/website\/wp-json\/wp\/v2\/categories?post=112833"},{"taxonomy":"post_tag","embeddable":true,"href":"https:\/\/www.messinaoggi.it\/website\/wp-json\/wp\/v2\/tags?post=112833"}],"curies":[{"name":"wp","href":"https:\/\/api.w.org\/{rel}","templated":true}]}}