{"id":112813,"date":"2022-06-30T13:07:56","date_gmt":"2022-06-30T11:07:56","guid":{"rendered":"https:\/\/www.messinaoggi.it\/website\/2022\/06\/30\/ministero-giustizia-confintesa-stabilizzare-anche-358-ex-militari\/"},"modified":"2022-06-30T13:07:56","modified_gmt":"2022-06-30T11:07:56","slug":"ministero-giustizia-confintesa-stabilizzare-anche-358-ex-militari","status":"publish","type":"post","link":"https:\/\/www.messinaoggi.it\/website\/2022\/06\/30\/ministero-giustizia-confintesa-stabilizzare-anche-358-ex-militari\/","title":{"rendered":"Ministero Giustizia, Confintesa \u201cStabilizzare anche 358 ex militari\u201d"},"content":{"rendered":"<div>ROMA (ITALPRESS) &#8211; &#8220;L&#8217;approvazione del decreto-legge contenente misure urgenti per l&#8217;attuazione del PNRR prevede, tra l&#8217;altro, la stabilizzazione, senza ulteriore concorso, di 1200 operatori giudiziari in servizio presso il Ministero della Giustizia, assunti a tempo determinato, lasciando fuori solo 358 ex militari, ovvero lavoratori in servizio presso il medesimo dicastero, con la stessa mansione, la stessa qualifica e vincitori del medesimo concorso, ai quali non verrebbero riconosciuti alcuni requisiti&#8221;. Lo dice Claudia Ratti, segretario generale di Confintesa FP, parlando di &#8220;ennesima ingiustizia&#8221;.<br \/>Per Confintesa non si pu\u00f2 &#8220;sottovalutare n\u00e8 dimenticare le migliaia di lavoratori gi\u00e0 in servizio come ausiliari che per l&#8217;inerzia dell&#8217;Amministrazione non hanno avuto alcuna possibilit\u00e0 di progressione (formale ed economica perch\u00e8 di fatto svolgono mansioni superiori). Abbiamo ricordato per anni &#8211; dice il sindacato &#8211; che nell&#8217;accordo del 26 aprile 2017 il Ministero della Giustizia si impegnava, tra l&#8217;altro ad avviare, a partire da ottobre 2017 il passaggio di area degli ausiliari, garantendo a vincitori il mantenimento della medesima sede di servizio, anche in posizione soprannumeraria rispetto alla pianta organica del profilo e fino al riassorbimento. Non \u00e8 mai stato fatto nulla nonostante le nostre continue sollecitazioni&#8221;. <br \/>Confintesa sottolinea di avere gi\u00e0 &#8220;ottenuto una vittoria giudiziale del Tribunale di Roma che ha condannato il Ministero della Giustizia&#8221; ma &#8220;se continua il silenzio dello stesso Ministero, saremo costretti a rivolgerci nuovamente al tribunale per salvaguardare i diritti di tutti i lavoratori&#8221;. <br \/>&#8220;Confintesa &#8211; conclude Claudia Ratti &#8211; ritiene che si debba partire immediatamente con le procedure dovute e mai avviate per gli ausiliari e stabilizzare tutto il personale attualmente precario, dagli operatori agli addetti UUPP in modo da trovare l&#8217;equilibrio necessario per la buona Amministrazione&#8221;.<div id=\"div-gpt-ad-Messinaoggi.it-DSK-300x250-corpoart\" style=\"text-align:center;margin:0 auto;\"><\/div><\/p>\n<p>Foto: ufficio stampa Confintesa<br \/>(ITALPRESS).<\/div>\n<div id=\"videoincontent\" style=\"clear:both\";><\/div>","protected":false},"excerpt":{"rendered":"<p>ROMA (ITALPRESS) &#8211; &#8220;L&#8217;approvazione del decreto-legge contenente misure urgenti per l&#8217;attuazione del PNRR prevede, tra l&#8217;altro, la stabilizzazione, senza ulteriore concorso, di 1200 operatori giudiziari in servizio presso il Ministero della Giustizia, assunti a tempo determinato, lasciando fuori solo 358 ex militari, ovvero lavoratori in servizio presso il medesimo dicastero, con la stessa mansione, la [&hellip;]<\/p>\n","protected":false},"author":18,"featured_media":112814,"comment_status":"closed","ping_status":"closed","sticky":false,"template":"","format":"standard","meta":{"ub_ctt_via":"","_mi_skip_tracking":false},"categories":[446],"tags":[783],"featured_image_src":"https:\/\/www.messinaoggi.it\/website\/wp-content\/uploads\/2022\/06\/20220630_0532.jpg","author_info":{"display_name":"Admin","author_link":"https:\/\/www.messinaoggi.it\/website\/author\/admin\/"},"digistream_id":0,"digistream":false,"_links":{"self":[{"href":"https:\/\/www.messinaoggi.it\/website\/wp-json\/wp\/v2\/posts\/112813"}],"collection":[{"href":"https:\/\/www.messinaoggi.it\/website\/wp-json\/wp\/v2\/posts"}],"about":[{"href":"https:\/\/www.messinaoggi.it\/website\/wp-json\/wp\/v2\/types\/post"}],"author":[{"embeddable":true,"href":"https:\/\/www.messinaoggi.it\/website\/wp-json\/wp\/v2\/users\/18"}],"replies":[{"embeddable":true,"href":"https:\/\/www.messinaoggi.it\/website\/wp-json\/wp\/v2\/comments?post=112813"}],"version-history":[{"count":0,"href":"https:\/\/www.messinaoggi.it\/website\/wp-json\/wp\/v2\/posts\/112813\/revisions"}],"wp:featuredmedia":[{"embeddable":true,"href":"https:\/\/www.messinaoggi.it\/website\/wp-json\/wp\/v2\/media\/112814"}],"wp:attachment":[{"href":"https:\/\/www.messinaoggi.it\/website\/wp-json\/wp\/v2\/media?parent=112813"}],"wp:term":[{"taxonomy":"category","embeddable":true,"href":"https:\/\/www.messinaoggi.it\/website\/wp-json\/wp\/v2\/categories?post=112813"},{"taxonomy":"post_tag","embeddable":true,"href":"https:\/\/www.messinaoggi.it\/website\/wp-json\/wp\/v2\/tags?post=112813"}],"curies":[{"name":"wp","href":"https:\/\/api.w.org\/{rel}","templated":true}]}}