{"id":112809,"date":"2022-06-30T12:32:51","date_gmt":"2022-06-30T10:32:51","guid":{"rendered":"https:\/\/www.messinaoggi.it\/website\/2022\/06\/30\/sicilia-cancelleri-non-mi-candido-ma-resto-nel-movimento-5-stelle\/"},"modified":"2022-06-30T12:32:51","modified_gmt":"2022-06-30T10:32:51","slug":"sicilia-cancelleri-non-mi-candido-ma-resto-nel-movimento-5-stelle","status":"publish","type":"post","link":"https:\/\/www.messinaoggi.it\/website\/2022\/06\/30\/sicilia-cancelleri-non-mi-candido-ma-resto-nel-movimento-5-stelle\/","title":{"rendered":"Sicilia, Cancelleri \u201cNon mi candido, ma resto nel Movimento 5 Stelle\u201d"},"content":{"rendered":"<div>\n<p>\u201cHo chiamato il presidente Conte comunicandogli che non ero pi\u00f9 disponibile alla candidatura\u201d alle primarie per la presidenza della Regione siciliana, \u201ctogliendolo dall\u2019imbarazzo e in un certo scusandomi per averlo messo in difficolt\u00e0, anche se non per una colpa specifica. Ci sono 5-6 persone che aspettano il via libera per candidarsi, rimangono in campo valide alternative\u201d. Lo ha detto il sottosegretario al ministero delle Infrastrutture e della mobilit\u00e0 sostenibili, Giancarlo Cancelleri (M5S), nel corso di una conferenza stampa all\u2019Ars. \u201cDopo circa 3 giorni nei quali la discussione a Roma \u00e8 diventata a tratti paradossale, perch\u00e8 non si \u00e8 parlato di quello che poteva essere una rivisitazione del Movimento 5 Stelle, di una regola fondativa, di cambiare il percorso, di fare una riflessione seria, serena, sul limite dei due mandati, questa discussione invece \u00e8 andata a finire su di me \u2013 ha aggiunto Cancelleri \u2013 Vedere esponenti del M5s venire messi in difficolt\u00e0 da domande sul fatto che Cancelleri si potesse candidare alla presidenza della Regione o meno, mi \u00e8 sembrato assurdo e paradossale\u201d. \u201cNon esco dal movimento, perch\u00e8 non esco da casa mia\u201d ha detto ancora l\u2019esponente grillino. (ITALPRESS).<div id=\"div-gpt-ad-Messinaoggi.it-DSK-300x250-corpoart\" style=\"text-align:center;margin:0 auto;\"><\/div><\/p>\n<p>Photo credits: www.agenziafotogramma.it<div id=\"videoincontent\" style=\"clear:both\";><\/div><\/p>\n<\/div>\n","protected":false},"excerpt":{"rendered":"<p>\u201cHo chiamato il presidente Conte comunicandogli che non ero pi\u00f9 disponibile alla candidatura\u201d alle primarie per la presidenza della Regione siciliana, \u201ctogliendolo dall\u2019imbarazzo e in un certo scusandomi per averlo messo in difficolt\u00e0, anche se non per una colpa specifica. Ci sono 5-6 persone che aspettano il via libera per candidarsi, rimangono in campo valide [&hellip;]<\/p>\n","protected":false},"author":18,"featured_media":112810,"comment_status":"closed","ping_status":"closed","sticky":false,"template":"","format":"standard","meta":{"ub_ctt_via":"","_mi_skip_tracking":false},"categories":[2449],"tags":[783],"featured_image_src":"https:\/\/www.messinaoggi.it\/website\/wp-content\/uploads\/2022\/06\/20220630_0533.jpg","author_info":{"display_name":"Admin","author_link":"https:\/\/www.messinaoggi.it\/website\/author\/admin\/"},"digistream_id":0,"digistream":false,"_links":{"self":[{"href":"https:\/\/www.messinaoggi.it\/website\/wp-json\/wp\/v2\/posts\/112809"}],"collection":[{"href":"https:\/\/www.messinaoggi.it\/website\/wp-json\/wp\/v2\/posts"}],"about":[{"href":"https:\/\/www.messinaoggi.it\/website\/wp-json\/wp\/v2\/types\/post"}],"author":[{"embeddable":true,"href":"https:\/\/www.messinaoggi.it\/website\/wp-json\/wp\/v2\/users\/18"}],"replies":[{"embeddable":true,"href":"https:\/\/www.messinaoggi.it\/website\/wp-json\/wp\/v2\/comments?post=112809"}],"version-history":[{"count":0,"href":"https:\/\/www.messinaoggi.it\/website\/wp-json\/wp\/v2\/posts\/112809\/revisions"}],"wp:featuredmedia":[{"embeddable":true,"href":"https:\/\/www.messinaoggi.it\/website\/wp-json\/wp\/v2\/media\/112810"}],"wp:attachment":[{"href":"https:\/\/www.messinaoggi.it\/website\/wp-json\/wp\/v2\/media?parent=112809"}],"wp:term":[{"taxonomy":"category","embeddable":true,"href":"https:\/\/www.messinaoggi.it\/website\/wp-json\/wp\/v2\/categories?post=112809"},{"taxonomy":"post_tag","embeddable":true,"href":"https:\/\/www.messinaoggi.it\/website\/wp-json\/wp\/v2\/tags?post=112809"}],"curies":[{"name":"wp","href":"https:\/\/api.w.org\/{rel}","templated":true}]}}