{"id":112704,"date":"2022-06-29T17:07:54","date_gmt":"2022-06-29T15:07:54","guid":{"rendered":"https:\/\/www.messinaoggi.it\/website\/2022\/06\/29\/nato-draghi-no-rischio-escalation-ma-dobbiamo-essere-pronti\/"},"modified":"2022-06-29T17:07:54","modified_gmt":"2022-06-29T15:07:54","slug":"nato-draghi-no-rischio-escalation-ma-dobbiamo-essere-pronti","status":"publish","type":"post","link":"https:\/\/www.messinaoggi.it\/website\/2022\/06\/29\/nato-draghi-no-rischio-escalation-ma-dobbiamo-essere-pronti\/","title":{"rendered":"Nato, Draghi \u201cNo rischio escalation ma dobbiamo essere pronti\u201d"},"content":{"rendered":"<div>MADRID (ITALPRESS) &#8211; &#8220;No, non c&#8217;\u00e8 un rischio di escalation ma bisogna essere pronti, ad oggi non vediamo un rischio di escalation&#8221;. E&#8217; quanto ha detto il presidente del Consiglio, Mario Draghi, nel corso di un punto stampa al vertice Nato di Madrid. &#8220;E&#8217; un momento importante per la Nato perch\u00e8 l&#8217;Alleanza si allarga e la presenza dell&#8217;Europa aumenta, si arriva a una corrispondenza tra Ue e Nato, quindi &#8211; ha aggiunto &#8211; anche su molte divergenze di opinioni sulla costruzione della difesa europea e di una sua complementariet\u00e0 con la Nato vengono superate. Per quanto riguarda l&#8217;Italia si tratta di 70 militari americani in pi\u00f9 e un sistema di difesa antiaerea, mi viene descritto dal ministro della Difesa come un assestamento che era gi\u00e0 in programma. Il sistema di difesa aereo deve andare a rinforzare il fianco orientale dell&#8217;Alleanza. Noi &#8211; ha proseguito &#8211; abbiamo assunto il comando Nato in Bulgaria e aiutiamo la Romania, c&#8217;\u00e8 un pattugliamento aereo dei Baltici in corso da vari mesi. Le forze che verranno mandate sono circa 2.000 soldati, 8.000 sono invece in stanza in Italia pronti, eventualmente fosse necessario&#8221;. <br \/>Infine un commento sulle vicende interne alla maggioranza. In riferimento alle voci sulla richiesta di Draghi di rimuovere Conte, il premier ha cos\u00ec precisato: &#8220;Ci siamo parlati con Conte poco fa, l&#8217;avevo cercato stamattina e mi ha chiamato lui, abbiamo cominciato a chiarirci e ci risentiamo domani per vederci al pi\u00f9 presto. Il governo non rischia&#8221;.<br \/>&#8211; foto agenziafotogramma.it &#8211;<br \/>(ITALPRESS).<\/div>\n<div id=\"div-gpt-ad-Messinaoggi.it-DSK-300x250-corpoart\" style=\"text-align:center;margin:0 auto;\"><\/div><\/p><div id=\"videoincontent\" style=\"clear:both\";><\/div>","protected":false},"excerpt":{"rendered":"<p>MADRID (ITALPRESS) &#8211; &#8220;No, non c&#8217;\u00e8 un rischio di escalation ma bisogna essere pronti, ad oggi non vediamo un rischio di escalation&#8221;. E&#8217; quanto ha detto il presidente del Consiglio, Mario Draghi, nel corso di un punto stampa al vertice Nato di Madrid. &#8220;E&#8217; un momento importante per la Nato perch\u00e8 l&#8217;Alleanza si allarga e [&hellip;]<\/p>\n","protected":false},"author":18,"featured_media":112705,"comment_status":"closed","ping_status":"closed","sticky":false,"template":"","format":"standard","meta":{"ub_ctt_via":"","_mi_skip_tracking":false},"categories":[446],"tags":[783],"featured_image_src":"https:\/\/www.messinaoggi.it\/website\/wp-content\/uploads\/2022\/06\/20220629_2023.jpg","author_info":{"display_name":"Admin","author_link":"https:\/\/www.messinaoggi.it\/website\/author\/admin\/"},"digistream_id":0,"digistream":false,"_links":{"self":[{"href":"https:\/\/www.messinaoggi.it\/website\/wp-json\/wp\/v2\/posts\/112704"}],"collection":[{"href":"https:\/\/www.messinaoggi.it\/website\/wp-json\/wp\/v2\/posts"}],"about":[{"href":"https:\/\/www.messinaoggi.it\/website\/wp-json\/wp\/v2\/types\/post"}],"author":[{"embeddable":true,"href":"https:\/\/www.messinaoggi.it\/website\/wp-json\/wp\/v2\/users\/18"}],"replies":[{"embeddable":true,"href":"https:\/\/www.messinaoggi.it\/website\/wp-json\/wp\/v2\/comments?post=112704"}],"version-history":[{"count":0,"href":"https:\/\/www.messinaoggi.it\/website\/wp-json\/wp\/v2\/posts\/112704\/revisions"}],"wp:featuredmedia":[{"embeddable":true,"href":"https:\/\/www.messinaoggi.it\/website\/wp-json\/wp\/v2\/media\/112705"}],"wp:attachment":[{"href":"https:\/\/www.messinaoggi.it\/website\/wp-json\/wp\/v2\/media?parent=112704"}],"wp:term":[{"taxonomy":"category","embeddable":true,"href":"https:\/\/www.messinaoggi.it\/website\/wp-json\/wp\/v2\/categories?post=112704"},{"taxonomy":"post_tag","embeddable":true,"href":"https:\/\/www.messinaoggi.it\/website\/wp-json\/wp\/v2\/tags?post=112704"}],"curies":[{"name":"wp","href":"https:\/\/api.w.org\/{rel}","templated":true}]}}