{"id":112669,"date":"2022-06-29T15:07:53","date_gmt":"2022-06-29T13:07:53","guid":{"rendered":"https:\/\/www.messinaoggi.it\/website\/2022\/06\/29\/oro-paltrinieri-e-argento-acerenza-nella-10-km-mondiale\/"},"modified":"2022-06-29T15:27:08","modified_gmt":"2022-06-29T13:27:08","slug":"oro-paltrinieri-e-argento-acerenza-nella-10-km-mondiale","status":"publish","type":"post","link":"https:\/\/www.messinaoggi.it\/website\/2022\/06\/29\/oro-paltrinieri-e-argento-acerenza-nella-10-km-mondiale\/","title":{"rendered":"Oro Paltrinieri e argento Acerenza nella 10 km mondiale"},"content":{"rendered":"<div>BUDAPEST (UNGHERIA) (ITALPRESS) &#8211; Italfondo da sogno nella 10 chilometri maschile ai Mondiali di nuoto in acque libere di Budapest. Gregorio Paltrinieri ha vinto la medaglia d&#8217;oro chiudendo la sua prova in 1h&#8217;50&#8217;56&#8221;: il fuoriclasse azzurro ha preceduto Domenico Acerenza, argento, in 1h50&#8217;58. Bronzo per il tedesco Florian Wellbrock. &#8220;E&#8217; un sogno: primo e secondo&#8230; E&#8217; la cosa pi\u00f9 bella che ci poteva capitare. Mi sentivo a casa, lui era dietro di me e stavo godendo tanto &#8211; le parole di Paltrinieri a Raisport -. Siamo migliori amici, essere sul podio insieme \u00e8 la cosa pi\u00f9 bella, ci siamo allenati dieci anni insieme e ora \u00e8 stupendo &#8211; prosegue il fuoriclasse azzurro -. Torno a casa con quattro medaglie, un bottino completo: sono contentissimo, contavo molto su queste gare per dimostrare a me stesso che potevo fare bene&#8221;. SuperGreg sottolinea anche che &#8220;dopo il quarto posto negli 800 pensavo di tornare a casa con zero medaglie, avevo nuotato teso ma forse mi serviva solo rompere il ghiaccio. Da l\u00ec in poi sono arrivate solo belle gare&#8221;. Per l&#8217;emiliano, in questa kermesse, anche l&#8217;oro nei 1.500 stile libero in vasca, l&#8217;argento nella 5 km e il bronzo nella staffetta in acque libere.<br \/>Felice Acerenza per il suo argento mondiale: &#8220;Sono super contento, al settimo cielo. E&#8217; un sogno: in gara ho nuotato bene, sono sempre stato lucido e questo mi ha portato ad avere pi\u00f9 sprint nel finale. Alla fine ce l&#8217;ho messa tutto ma Greg stava spingendo tanto: va bene cos\u00ec&#8221;.<br \/>&#8211; foto LivePhotoSport &#8211; <br \/>(ITALPRESS).<\/div>\n<div id=\"div-gpt-ad-Messinaoggi.it-DSK-300x250-corpoart\" style=\"text-align:center;margin:0 auto;\"><\/div><\/p><div id=\"videoincontent\" style=\"clear:both\";><\/div>","protected":false},"excerpt":{"rendered":"<p>BUDAPEST (UNGHERIA) (ITALPRESS) &#8211; Italfondo da sogno nella 10 chilometri maschile ai Mondiali di nuoto in acque libere di Budapest. Gregorio Paltrinieri ha vinto la medaglia d&#8217;oro chiudendo la sua prova in 1h&#8217;50&#8217;56&#8221;: il fuoriclasse azzurro ha preceduto Domenico Acerenza, argento, in 1h50&#8217;58. Bronzo per il tedesco Florian Wellbrock. &#8220;E&#8217; un sogno: primo e secondo&#8230; [&hellip;]<\/p>\n","protected":false},"author":18,"featured_media":112671,"comment_status":"closed","ping_status":"closed","sticky":false,"template":"","format":"standard","meta":{"ub_ctt_via":"","_mi_skip_tracking":false},"categories":[8,446,9],"tags":[783],"featured_image_src":"https:\/\/www.messinaoggi.it\/website\/wp-content\/uploads\/2022\/06\/20220629_0950.jpg","author_info":{"display_name":"Admin","author_link":"https:\/\/www.messinaoggi.it\/website\/author\/admin\/"},"digistream_id":0,"digistream":false,"_links":{"self":[{"href":"https:\/\/www.messinaoggi.it\/website\/wp-json\/wp\/v2\/posts\/112669"}],"collection":[{"href":"https:\/\/www.messinaoggi.it\/website\/wp-json\/wp\/v2\/posts"}],"about":[{"href":"https:\/\/www.messinaoggi.it\/website\/wp-json\/wp\/v2\/types\/post"}],"author":[{"embeddable":true,"href":"https:\/\/www.messinaoggi.it\/website\/wp-json\/wp\/v2\/users\/18"}],"replies":[{"embeddable":true,"href":"https:\/\/www.messinaoggi.it\/website\/wp-json\/wp\/v2\/comments?post=112669"}],"version-history":[{"count":1,"href":"https:\/\/www.messinaoggi.it\/website\/wp-json\/wp\/v2\/posts\/112669\/revisions"}],"predecessor-version":[{"id":112684,"href":"https:\/\/www.messinaoggi.it\/website\/wp-json\/wp\/v2\/posts\/112669\/revisions\/112684"}],"wp:featuredmedia":[{"embeddable":true,"href":"https:\/\/www.messinaoggi.it\/website\/wp-json\/wp\/v2\/media\/112671"}],"wp:attachment":[{"href":"https:\/\/www.messinaoggi.it\/website\/wp-json\/wp\/v2\/media?parent=112669"}],"wp:term":[{"taxonomy":"category","embeddable":true,"href":"https:\/\/www.messinaoggi.it\/website\/wp-json\/wp\/v2\/categories?post=112669"},{"taxonomy":"post_tag","embeddable":true,"href":"https:\/\/www.messinaoggi.it\/website\/wp-json\/wp\/v2\/tags?post=112669"}],"curies":[{"name":"wp","href":"https:\/\/api.w.org\/{rel}","templated":true}]}}