{"id":112614,"date":"2022-06-28T20:07:52","date_gmt":"2022-06-28T18:07:52","guid":{"rendered":"https:\/\/www.messinaoggi.it\/website\/2022\/06\/28\/draghi-putin-non-verra-al-g20-replica-il-cremlino-non-decide-lui\/"},"modified":"2022-06-28T20:07:52","modified_gmt":"2022-06-28T18:07:52","slug":"draghi-putin-non-verra-al-g20-replica-il-cremlino-non-decide-lui","status":"publish","type":"post","link":"https:\/\/www.messinaoggi.it\/website\/2022\/06\/28\/draghi-putin-non-verra-al-g20-replica-il-cremlino-non-decide-lui\/","title":{"rendered":"Draghi \u201cPutin non verr\u00e0 al G20\u201d. Replica il Cremlino \u201cNon decide lui\u201d"},"content":{"rendered":"<div>ROMA (ITALPRESS) &#8211; Polemica a distanza fra il premier Mario Draghi e il Cremlino. Al G7 il presidente del Consiglio ha parlato di &#8220;successo e coesione&#8221; durante il vertice e di &#8220;grande unit\u00e0 di vedute&#8221;. Draghi ha escluso che al prossimo G20 possa partecipare lo stesso capo del Cremlino: &#8220;Il presidente indonesiano (l&#8217;incontro si terr\u00e0 a Bali a novembre, n.d.r.) lo esclude, \u00e8 stato categorico, non verr\u00e0. Potr\u00e0 succedere un intervento da remoto, vedremo&#8230;&#8221;. Secca e immediata la risposta russa: &#8220;Non \u00e8 Draghi a decidere se Putin andr\u00e0 al G20&#8221;.<br \/>&#8211; foto agenziafotogramma.it &#8211; <br \/>(ITALPRESS).<\/div>\n<div id=\"div-gpt-ad-Messinaoggi.it-DSK-300x250-corpoart\" style=\"text-align:center;margin:0 auto;\"><\/div><\/p><div id=\"videoincontent\" style=\"clear:both\";><\/div>","protected":false},"excerpt":{"rendered":"<p>ROMA (ITALPRESS) &#8211; Polemica a distanza fra il premier Mario Draghi e il Cremlino. Al G7 il presidente del Consiglio ha parlato di &#8220;successo e coesione&#8221; durante il vertice e di &#8220;grande unit\u00e0 di vedute&#8221;. Draghi ha escluso che al prossimo G20 possa partecipare lo stesso capo del Cremlino: &#8220;Il presidente indonesiano (l&#8217;incontro si terr\u00e0 [&hellip;]<\/p>\n","protected":false},"author":18,"featured_media":112615,"comment_status":"closed","ping_status":"closed","sticky":false,"template":"","format":"standard","meta":{"ub_ctt_via":"","_mi_skip_tracking":false},"categories":[446],"tags":[783],"featured_image_src":"https:\/\/www.messinaoggi.it\/website\/wp-content\/uploads\/2022\/06\/20220628_2210.jpg","author_info":{"display_name":"Admin","author_link":"https:\/\/www.messinaoggi.it\/website\/author\/admin\/"},"digistream_id":0,"digistream":false,"_links":{"self":[{"href":"https:\/\/www.messinaoggi.it\/website\/wp-json\/wp\/v2\/posts\/112614"}],"collection":[{"href":"https:\/\/www.messinaoggi.it\/website\/wp-json\/wp\/v2\/posts"}],"about":[{"href":"https:\/\/www.messinaoggi.it\/website\/wp-json\/wp\/v2\/types\/post"}],"author":[{"embeddable":true,"href":"https:\/\/www.messinaoggi.it\/website\/wp-json\/wp\/v2\/users\/18"}],"replies":[{"embeddable":true,"href":"https:\/\/www.messinaoggi.it\/website\/wp-json\/wp\/v2\/comments?post=112614"}],"version-history":[{"count":0,"href":"https:\/\/www.messinaoggi.it\/website\/wp-json\/wp\/v2\/posts\/112614\/revisions"}],"wp:featuredmedia":[{"embeddable":true,"href":"https:\/\/www.messinaoggi.it\/website\/wp-json\/wp\/v2\/media\/112615"}],"wp:attachment":[{"href":"https:\/\/www.messinaoggi.it\/website\/wp-json\/wp\/v2\/media?parent=112614"}],"wp:term":[{"taxonomy":"category","embeddable":true,"href":"https:\/\/www.messinaoggi.it\/website\/wp-json\/wp\/v2\/categories?post=112614"},{"taxonomy":"post_tag","embeddable":true,"href":"https:\/\/www.messinaoggi.it\/website\/wp-json\/wp\/v2\/tags?post=112614"}],"curies":[{"name":"wp","href":"https:\/\/api.w.org\/{rel}","templated":true}]}}