{"id":1126,"date":"2017-05-31T23:22:56","date_gmt":"2017-05-31T21:22:56","guid":{"rendered":"http:\/\/www.messinaoggi.it\/website\/?p=1126"},"modified":"2017-05-31T23:22:56","modified_gmt":"2017-05-31T21:22:56","slug":"la-citta-di-barcellona-rende-omaggio-allartista-mariano-pietrini","status":"publish","type":"post","link":"https:\/\/www.messinaoggi.it\/website\/2017\/05\/31\/la-citta-di-barcellona-rende-omaggio-allartista-mariano-pietrini\/","title":{"rendered":"La citt\u00e0 di Barcellona rende omaggio all&#039;artista Mariano Pietrini"},"content":{"rendered":"<div class=\"main-content\">\nA pochi mesi di distanza dalla dolorosa dipartita dell\u2019artista barcellonese \u00a0Mariano Pietrini, \u00a0la citt\u00e0 di Barcellona Pozzo di Gotto\u00a0 si appresta a celebrarne la grandezza con un ciclo di eventi gratuiti a lui dedicati. Appuntamenti questi organizzati dall&#8217;Assessorato alla Cultura del Comune di Barcellona Pozzo, EProjectConsult, Associazione artistica culturale &#8220;A Rocca&#8221;, Associazione culturale &#8220;Jalari&#8221; e dalla famiglia Pietrini, \u00a0i quali prenderanno il via a partire da luned\u00ec \u00a0e proseguiranno fino\u00a0 a domenica 4 giugno. \u00a0Luned\u00ec, \u00a0alle ore 10.00, infatti, \u00a0nell\u2019incantevole cornice del Parco Museo Jalari sar\u00e0 inaugurata la mostra dal titolo &#8220;I colori di Mariano Pietrini&#8221; che potr\u00e0 essere visitata \u00a0\u00a0da marted\u00ec a domenica, \u00a0dalle ore \u00a09.00 alle ore \u00a013.00; sabato e domenica invece rimarr\u00e0\u00a0 \u00a0aperta al pubblico anche di pomeriggio, dalle ore 15.00 alle ore \u00a018.00. Il Villino Liberty ospiter\u00e0 invece l&#8217;antologica dal titolo &#8220;L&#8217;evoluzione pittorica dell&#8217;artista Mariano Pietrini&#8221;. Il taglio del nastro \u00e8 previsto per le 12.00 e sar\u00e0 possibile visitarla marted\u00ec, gioved\u00ec e venerd\u00ec, dalle ore 9.30 alle 13.00 e poi dalle 16.30 alle 19.00 (mercoled\u00ec e sabato apertura solo pomeridiana, dalle 16.30 alle 19). Sempre luned\u00ec, alle 12.30 presso la Galleria PROgetto CITT\u00c0, sar\u00e0 inaugurata la mostra &#8220;I disegni di Mariano Pietrini&#8221;, una selezione esclusiva con appunti di viaggio e gli omaggi autografi all\u2019artista Mariano Pietrini, sul tema della luce, da parte dei tutor (Daniela Genovese, Nunzia Giaimis, Tina Maio, Marco Messina, Vera Pietrini, Rosita Randazzo, Marco Rizzo) che hanno condiviso l\u2019esperienza \u201cBarcellona Pozzo di Gotto: Obiettivo Expo 2015\u201d. La mostra sar\u00e0 visitabile tutti i giorni dalle 17.00 alle 20.00 La collettiva fotografica che aprir\u00e0 al pubblico luned\u00ec sar\u00e0 la mostra dal titolo &#8220;La Luce&#8221;, che si svolger\u00e0 presso la Galleria d&#8217;arte al piano primo della Vecchia Pescheria; l&#8217;inaugurazione \u00e8 prevista per le 19.30 e sar\u00e0 visitabile tutti i giorni dalle 17.00 alle 23.00<br \/>\n<img loading=\"lazy\" src=\"http:\/\/www.messinaoggi.eu\/uploads\/Maria%20Antonella%20Saia\/Cultura\/prof%20pietrini%202.jpeg\" alt=\"\" width=\"259\" height=\"194\" \/>Contestualmente, dal 29 maggio al 4 giugno, al Museo Didattico, prender\u00e0 il via un laboratorio creativo a cura dell&#8217;artista Enzo Napoli che coinvolger\u00e0 gli alunni della scuola media &#8220;Ugo Foscolo&#8221;. I ragazzi dovranno realizzare un&#8217;opera ispirandosi allo schizzo de &#8220;La Musa della Pittura&#8221;, scultura di Mariano Pietrini che si pu\u00f2 ammirare nel Giardino delle Muse del Parco Jalari. L&#8217;inaugurazione del laboratorio si terr\u00e0 luned\u00ec alle 11.00<br \/>\nGioved\u00ec 1 giugno, presso l&#8217;Auditorium del Parco urbano &#8220;Maggiore Giuseppe La Rosa&#8221;, dalle ore 9.00 alle 13.00 e poi dalle 15.00 alle 19.00, avr\u00e0 luogo un&#8217;estemporanea artistica a cura degli allievi dell&#8217;Accademie di Belle Arti &#8220;Leonardo Da Vinci&#8221; di Ficarra (Me).<br \/>\nSabato 3 giugno, nella Sala Convegni dei Giardini Oasi, a partire dalle 17, si svolger\u00e0 un convegno dal titolo &#8220;Mariano Pietrini e l&#8217;arte contemporanea nello sviluppo culturale del Territorio&#8221;. Un\u2019occasione per riflettere sulle potenzialit\u00e0 culturali del nostro territorio con particolare riferimento all\u2019arte contemporanea. All&#8217;incontro parteciperanno, tra gli altri, il sindaco Roberto Materia e l&#8217;assessore alla Cultura Ilenia Torre, il presidente della Fondazione &#8220;Fiumara d&#8217;Arte&#8221;, Antonio Presti, Valeria Li Vigni, direttrice del Museo RISO di Palermo, e Rosario Andrea Cristelli, presidente della Galleria PROgetto CITT\u00c0.<br \/>\nDomenica 4 giugno, in omaggio ai suoi brillanti trascorsi calcistici, Mariano Pietrini sar\u00e0 ricordato con un Memorial che vedr\u00e0 impegnate allo stadio &#8220;Barone-D&#8217;Alcontres&#8221;, per tutta la giornata, alcune squadre di pulcini. Dodici le formazioni partecipanti: Asd Terme Vigliatore, Pol. Promosport Barcellona, Ap.D. Or.Sa. PG Barcellona,\u00a0 Pol.D. Sirio Igea Virtus, A.S.D. Sant&#8217;Antonino, A.S.D. Vivi Don Bosco, ASC.D. Nuova Rinascita, ASC.D. Falcone, A.S.D. Furnari Portorosa, U.S.D. Pattese, A.S.D. Pro Tonnarella, A.C.D. Folgore Milazzo. Sempr, infine, alle 18.30, l&#8217;atto conclusivo di questo ciclo di eventi con l&#8217;inaugurazione, nei giardini del Teatro Mandanici, del gruppo scultoreo &#8220;L&#8217;Universo della Luce, la Pace&#8221;. L&#8217;aiuola che circonda le opere \u00e8 stata simbolicamente &#8220;adottata&#8221; dall&#8217;Associazione artistica culturale &#8220;A Rocca&#8221;, EProjectConsult e dal Parco Museo Jalari. La manifestazione &#8220;Mariano Pietrini: l&#8217;Artista della Luce&#8221; \u00e8 organizzata con il patrocinio di Galleria PROgetto CITT\u00c0, Parco Museo Jalari, Museo Didattico, Fabbrica D&#8217;Arte 332, Accademia delle Belle Arti &#8220;Leonardo Da Vinci&#8221; di Ficarra, Ordine degli Architetti P.P.C. di Messina, Fondazione degli Architetti del Mediterraneo, Consulta Regionale degli Architetti, Ordine dei Dottori Commercialisti e degli Esperti Contabili di Barcellona Pozzo di Gotto, UTE Barcellona Pozzo di Gotto e Studio Luce.<br \/>\nSi annuncia, dunque, \u00a0una settimana ricca di eventi\u00a0 per la citt\u00e0 del Longano che potr\u00e0 cos\u00ec dimostrare il\u00a0 proprio\u00a0 affetto\u00a0 e apprezzamento per uno dei\u00a0 suoi figli\u00a0 che pi\u00f9 di ogni\u00a0 altro\u00a0 ha\u00a0 dimostrato, servendosi di tutte le forme artistiche in suo possesso, quanto fosse forte e duraturo l\u2019amore per la sua terra.\n<\/div>\n<div class=\"blog-post-tags icone\"><\/div>\n<div id=\"div-gpt-ad-Messinaoggi.it-DSK-300x250-corpoart\" style=\"text-align:center;margin:0 auto;\"><\/div><\/p><div id=\"videoincontent\" style=\"clear:both\";><\/div>","protected":false},"excerpt":{"rendered":"<p>A pochi mesi di distanza dalla dolorosa dipartita dell\u2019artista barcellonese \u00a0Mariano Pietrini, \u00a0la citt\u00e0 di Barcellona Pozzo di Gotto\u00a0 si appresta a celebrarne la grandezza con un ciclo di eventi gratuiti a lui dedicati. Appuntamenti questi organizzati dall&#8217;Assessorato alla Cultura del Comune di Barcellona Pozzo, EProjectConsult, Associazione artistica culturale &#8220;A Rocca&#8221;, Associazione culturale &#8220;Jalari&#8221; e [&hellip;]<\/p>\n","protected":false},"author":5,"featured_media":1127,"comment_status":"closed","ping_status":"open","sticky":false,"template":"","format":"standard","meta":{"ub_ctt_via":"","_mi_skip_tracking":false},"categories":[16],"tags":[],"featured_image_src":"https:\/\/www.messinaoggi.it\/website\/wp-content\/uploads\/2017\/05\/prof-pietrini-1-1-2.jpeg","author_info":{"display_name":"Maria Antonella Saia","author_link":"https:\/\/www.messinaoggi.it\/website\/author\/m-saia\/"},"digistream_id":0,"digistream":false,"_links":{"self":[{"href":"https:\/\/www.messinaoggi.it\/website\/wp-json\/wp\/v2\/posts\/1126"}],"collection":[{"href":"https:\/\/www.messinaoggi.it\/website\/wp-json\/wp\/v2\/posts"}],"about":[{"href":"https:\/\/www.messinaoggi.it\/website\/wp-json\/wp\/v2\/types\/post"}],"author":[{"embeddable":true,"href":"https:\/\/www.messinaoggi.it\/website\/wp-json\/wp\/v2\/users\/5"}],"replies":[{"embeddable":true,"href":"https:\/\/www.messinaoggi.it\/website\/wp-json\/wp\/v2\/comments?post=1126"}],"version-history":[{"count":0,"href":"https:\/\/www.messinaoggi.it\/website\/wp-json\/wp\/v2\/posts\/1126\/revisions"}],"wp:featuredmedia":[{"embeddable":true,"href":"https:\/\/www.messinaoggi.it\/website\/wp-json\/wp\/v2\/media\/1127"}],"wp:attachment":[{"href":"https:\/\/www.messinaoggi.it\/website\/wp-json\/wp\/v2\/media?parent=1126"}],"wp:term":[{"taxonomy":"category","embeddable":true,"href":"https:\/\/www.messinaoggi.it\/website\/wp-json\/wp\/v2\/categories?post=1126"},{"taxonomy":"post_tag","embeddable":true,"href":"https:\/\/www.messinaoggi.it\/website\/wp-json\/wp\/v2\/tags?post=1126"}],"curies":[{"name":"wp","href":"https:\/\/api.w.org\/{rel}","templated":true}]}}