{"id":112571,"date":"2022-06-28T16:07:53","date_gmt":"2022-06-28T14:07:53","guid":{"rendered":"https:\/\/www.messinaoggi.it\/website\/2022\/06\/28\/alessia-marcuzzi-approda-in-rai-con-boomerissima\/"},"modified":"2022-06-28T16:07:53","modified_gmt":"2022-06-28T14:07:53","slug":"alessia-marcuzzi-approda-in-rai-con-boomerissima","status":"publish","type":"post","link":"https:\/\/www.messinaoggi.it\/website\/2022\/06\/28\/alessia-marcuzzi-approda-in-rai-con-boomerissima\/","title":{"rendered":"Alessia Marcuzzi approda in Rai con \u201cBoomerissima\u201d"},"content":{"rendered":"<div>MILANO (ITALPRESS) &#8211; Alessia Marcuzzi approda su Rai2 con un nuovo programma &#8220;Boomerissima&#8221; in onda dal 22 novembre. Lo ha annunciato oggi alla presentazione dei palinsesti Rai il direttore dell&#8217;intrattenimento prime time Stefano Coletta. &#8220;La Marcuzzi \u00e8 venuta con un&#8217;idea per Rai2 che per il suo linguaggio \u00e8 la rete giusta&#8221;, ha detto Coletta precisando che &#8220;il contratto \u00e8 solo per quel programma&#8221;. Altro programma che andr\u00e0 in onda, il 19 dicembre, sar\u00e0 &#8220;Go Gianni Go&#8221;, &#8220;una serata dedicata ai 60 anni di carriera di Gianni Morandi con grande contaminazione di linguaggi&#8221;. Tra i desiderata di Coletta c&#8217;\u00e8 sempre Fiorello: &#8220;Il mio colloquio con Fiorello \u00e8 perenne, ci siamo scambiati vari messaggi anche durante questa presentazione. Ci ho parlato a lungo e recentemente. C&#8217;\u00e8 da parte dell&#8217;amministratore delegato e mia tutta  la voglia di farlo tornare. Rispetto a qualche mese fa mi ha dimostrato una certa voglia. Si sa che i parti creativi di Fiorello sono un p\u00f2 lunghi, ma spero che possa rientrare con la sua cifra in Rai&#8221;. <br \/>&#8211; Foto Agenziafotogramma.it &#8211;<br \/>(ITALPRESS).<\/div>\n<div id=\"div-gpt-ad-Messinaoggi.it-DSK-300x250-corpoart\" style=\"text-align:center;margin:0 auto;\"><\/div><\/p><div id=\"videoincontent\" style=\"clear:both\";><\/div>","protected":false},"excerpt":{"rendered":"<p>MILANO (ITALPRESS) &#8211; Alessia Marcuzzi approda su Rai2 con un nuovo programma &#8220;Boomerissima&#8221; in onda dal 22 novembre. Lo ha annunciato oggi alla presentazione dei palinsesti Rai il direttore dell&#8217;intrattenimento prime time Stefano Coletta. &#8220;La Marcuzzi \u00e8 venuta con un&#8217;idea per Rai2 che per il suo linguaggio \u00e8 la rete giusta&#8221;, ha detto Coletta precisando [&hellip;]<\/p>\n","protected":false},"author":18,"featured_media":112572,"comment_status":"closed","ping_status":"closed","sticky":false,"template":"","format":"standard","meta":{"ub_ctt_via":"","_mi_skip_tracking":false},"categories":[446],"tags":[783],"featured_image_src":"https:\/\/www.messinaoggi.it\/website\/wp-content\/uploads\/2022\/06\/20220628_1417.jpg","author_info":{"display_name":"Admin","author_link":"https:\/\/www.messinaoggi.it\/website\/author\/admin\/"},"digistream_id":0,"digistream":false,"_links":{"self":[{"href":"https:\/\/www.messinaoggi.it\/website\/wp-json\/wp\/v2\/posts\/112571"}],"collection":[{"href":"https:\/\/www.messinaoggi.it\/website\/wp-json\/wp\/v2\/posts"}],"about":[{"href":"https:\/\/www.messinaoggi.it\/website\/wp-json\/wp\/v2\/types\/post"}],"author":[{"embeddable":true,"href":"https:\/\/www.messinaoggi.it\/website\/wp-json\/wp\/v2\/users\/18"}],"replies":[{"embeddable":true,"href":"https:\/\/www.messinaoggi.it\/website\/wp-json\/wp\/v2\/comments?post=112571"}],"version-history":[{"count":0,"href":"https:\/\/www.messinaoggi.it\/website\/wp-json\/wp\/v2\/posts\/112571\/revisions"}],"wp:featuredmedia":[{"embeddable":true,"href":"https:\/\/www.messinaoggi.it\/website\/wp-json\/wp\/v2\/media\/112572"}],"wp:attachment":[{"href":"https:\/\/www.messinaoggi.it\/website\/wp-json\/wp\/v2\/media?parent=112571"}],"wp:term":[{"taxonomy":"category","embeddable":true,"href":"https:\/\/www.messinaoggi.it\/website\/wp-json\/wp\/v2\/categories?post=112571"},{"taxonomy":"post_tag","embeddable":true,"href":"https:\/\/www.messinaoggi.it\/website\/wp-json\/wp\/v2\/tags?post=112571"}],"curies":[{"name":"wp","href":"https:\/\/api.w.org\/{rel}","templated":true}]}}