{"id":112569,"date":"2022-06-28T16:07:52","date_gmt":"2022-06-28T14:07:52","guid":{"rendered":"https:\/\/www.messinaoggi.it\/website\/2022\/06\/28\/ucraina-draghi-putin-non-verra-al-g20\/"},"modified":"2022-06-28T16:07:52","modified_gmt":"2022-06-28T14:07:52","slug":"ucraina-draghi-putin-non-verra-al-g20","status":"publish","type":"post","link":"https:\/\/www.messinaoggi.it\/website\/2022\/06\/28\/ucraina-draghi-putin-non-verra-al-g20\/","title":{"rendered":"Ucraina, Draghi \u201cPutin non verr\u00e0 al G20\u201d"},"content":{"rendered":"<div>ROMA (ITALPRESS) &#8211; &#8220;Questo G7 \u00e8 stato veramente un successo, i paesi hanno riaffermato piena e grande coesione, grande unit\u00e0 di vedute in particolare per la guerra in Ucraina&#8221;. Cos\u00ec il presidente del Consiglio, Mario Draghi, nel corso della conferenza stampa conclusiva del Vertice G7 di Elmau.<br \/>&#8220;Il G7 ha detto che \u00e8 pronto a sostenere l&#8217;Ucraina per tutto il tempo necessario, abbiamo anche riaffermato il nostro impegno sul fronte delle sanzioni che \u00e8 essenziale per portare la Russia al tavolo dei negoziati&#8221;, ha spiegato Draghi.<br \/>&#8220;Tutti i leader concordano sulla necessit\u00e0 di limitare i nostri finanziamenti alla Russia e che occorre rimuovere la causa principale di questa inflazione &#8211; ha aggiunto -. Abbiamo dato mandato ai ministri di lavorare con urgenza a un tetto ai prezzi del gas, la Commissione ha detto poi che accelerer\u00e0 il suo lavoro su questo. E&#8217; una decisione che accogliamo con favore&#8221;.<br \/>Il premier italiano ha poi chiarito che il presidente russo Vladimir Putin non sar\u00e0 presente al G20: &#8220;E&#8217; stato importante vedersi perch\u00e8 siamo riusciti a concordare una linea comune, l&#8217;Italia sta gi\u00e0&#8221; aiutando l&#8217;Indonesia &#8220;ma occorre che tutti siano vicini al Presidente per renderlo un successo. Alla luce degli eventi questo non \u00e8 scontato. Il presidente Widodo esclude&#8221; la presenza di Putin, &#8220;non verr\u00e0&#8221; e forse far\u00e0 un intervento da remoto.<br \/>&#8220;Molti di noi pensavano che occorreva sminare i porti per riuscire a portar fuori il grano, ora ci sono dei corridoi sicuri attraverso cui far passare le navi. Questo significa guadagnare dalle due settimane a un mese di tempo per fare uno sminamento -. E&#8217; una situazione un p\u00f2 pi\u00f9 incoraggiante di quella che conoscevamo una settimana fa&#8221;, ha aggiunto. <div id=\"div-gpt-ad-Messinaoggi.it-DSK-300x250-corpoart\" style=\"text-align:center;margin:0 auto;\"><\/div><\/p>\n<p>&#8211; foto agenziafotogramma.it &#8211;<div id=\"videoincontent\" style=\"clear:both\";><\/div><\/p>\n<p>(ITALPRESS).<\/p><\/div>\n","protected":false},"excerpt":{"rendered":"<p>ROMA (ITALPRESS) &#8211; &#8220;Questo G7 \u00e8 stato veramente un successo, i paesi hanno riaffermato piena e grande coesione, grande unit\u00e0 di vedute in particolare per la guerra in Ucraina&#8221;. Cos\u00ec il presidente del Consiglio, Mario Draghi, nel corso della conferenza stampa conclusiva del Vertice G7 di Elmau.&#8220;Il G7 ha detto che \u00e8 pronto a sostenere [&hellip;]<\/p>\n","protected":false},"author":18,"featured_media":112570,"comment_status":"closed","ping_status":"closed","sticky":false,"template":"","format":"standard","meta":{"ub_ctt_via":"","_mi_skip_tracking":false},"categories":[446],"tags":[783],"featured_image_src":"https:\/\/www.messinaoggi.it\/website\/wp-content\/uploads\/2022\/06\/20220628_1289.jpg","author_info":{"display_name":"Admin","author_link":"https:\/\/www.messinaoggi.it\/website\/author\/admin\/"},"digistream_id":0,"digistream":false,"_links":{"self":[{"href":"https:\/\/www.messinaoggi.it\/website\/wp-json\/wp\/v2\/posts\/112569"}],"collection":[{"href":"https:\/\/www.messinaoggi.it\/website\/wp-json\/wp\/v2\/posts"}],"about":[{"href":"https:\/\/www.messinaoggi.it\/website\/wp-json\/wp\/v2\/types\/post"}],"author":[{"embeddable":true,"href":"https:\/\/www.messinaoggi.it\/website\/wp-json\/wp\/v2\/users\/18"}],"replies":[{"embeddable":true,"href":"https:\/\/www.messinaoggi.it\/website\/wp-json\/wp\/v2\/comments?post=112569"}],"version-history":[{"count":0,"href":"https:\/\/www.messinaoggi.it\/website\/wp-json\/wp\/v2\/posts\/112569\/revisions"}],"wp:featuredmedia":[{"embeddable":true,"href":"https:\/\/www.messinaoggi.it\/website\/wp-json\/wp\/v2\/media\/112570"}],"wp:attachment":[{"href":"https:\/\/www.messinaoggi.it\/website\/wp-json\/wp\/v2\/media?parent=112569"}],"wp:term":[{"taxonomy":"category","embeddable":true,"href":"https:\/\/www.messinaoggi.it\/website\/wp-json\/wp\/v2\/categories?post=112569"},{"taxonomy":"post_tag","embeddable":true,"href":"https:\/\/www.messinaoggi.it\/website\/wp-json\/wp\/v2\/tags?post=112569"}],"curies":[{"name":"wp","href":"https:\/\/api.w.org\/{rel}","templated":true}]}}