{"id":112565,"date":"2022-06-28T14:17:51","date_gmt":"2022-06-28T12:17:51","guid":{"rendered":"https:\/\/www.messinaoggi.it\/website\/2022\/06\/28\/giustizia-tributaria-e-fiscalita-locale-esperti-a-confronto-a-palermo\/"},"modified":"2022-06-28T14:17:51","modified_gmt":"2022-06-28T12:17:51","slug":"giustizia-tributaria-e-fiscalita-locale-esperti-a-confronto-a-palermo","status":"publish","type":"post","link":"https:\/\/www.messinaoggi.it\/website\/2022\/06\/28\/giustizia-tributaria-e-fiscalita-locale-esperti-a-confronto-a-palermo\/","title":{"rendered":"Giustizia tributaria e fiscalit\u00e0 locale, esperti a confronto a Palermo"},"content":{"rendered":"<div>\n<p>PALERMO (ITALPRESS) \u2013 Un seminario sul tema \u201cGiustizia tributaria e fiscalit\u00e0 locale: quali prospettive?\u201d, organizzato dal Dipartimento di Scienze Politiche e delle Relazioni Internazionali dell\u2019Universit\u00e0 di Palermo e dalla Camera Avvocati Tributaristi di Palermo in collaborazione con l\u2019IFEL Fondazione Anci, si terr\u00e0 venerd\u00ec 1 luglio, alle ore 9, presso l\u2019Aula Borsellino del Dems, in via Maqueda 342, nel capoluogo siciliano. <br \/>I lavori saranno aperti dagli indirizzi di saluto di Massimo Midiri, Rettore dell\u2019Universit\u00e0 di Palermo, Costantino Visconti, Direttore del Dipartimento di Scienze Politiche e delle Relazioni internazionali, Roberto Lagalla, Sindaco di Palermo, Gaetano Armao, V. Presidente della Regione Sicilia, Angelo Cuva, Docente Diritto Tributario Universit\u00e0 di Palermo, Presidente Camera Avvocati Tributaristi di Palermo, Antonello Armetta, Presidente Ordine Avvocati di Palermo e Nicol\u00f2 La Barbera, Presidente Ordine Commercialisti di Palermo.<br \/>Seguiranno le due sessioni del seminario. La prima, moderata da Antonio Perrone, Associato di Diritto Tributario Unipa, sul tema \u201cVerso la riforma del processo tributario a trent\u2019anni dall\u2019emanazione del Decreto legislativo numero 546\/1992\u201d, con la Lectio Magistralis di Franco Gallo, Presidente Emerito della Corte Costituzionale e Professore Emerito di Diritto Tributario Universit\u00e0 LUISS Guido Carli e di Antonio Felice Uricchio, Ordinario di Diritto Tributario Universit\u00e0 di Bari e Presidente ANVUR.<br \/>La seconda sessione dedicata al tema \u201cI tributi comunali dentro e oltre la crisi\u201d, moderata da Angelo Cuva, vedr\u00e0 gli interventi di Antonio Felice Uricchio, Ordinario di Diritto Tributario Universit\u00e0 di Bari, Pierciro Galeone, Direttore IFEL Fondazione ANCI, Mario Aulenta, Docente di Diritto Tributario Universit\u00e0 di Bari e Ernesto Gatto, Consigliere delegato alla formazione ODCEC di Palermo.<br \/>L\u2019evento accreditato ai fini della formazione professionale continua degli Avvocati e dei Dottori Commercialisti ed Esperti Contabili. <br \/>(ITALPRESS).<div id=\"div-gpt-ad-Messinaoggi.it-DSK-300x250-corpoart\" style=\"text-align:center;margin:0 auto;\"><\/div><\/p>\n<\/div>\n<div id=\"videoincontent\" style=\"clear:both\";><\/div>","protected":false},"excerpt":{"rendered":"<p>PALERMO (ITALPRESS) \u2013 Un seminario sul tema \u201cGiustizia tributaria e fiscalit\u00e0 locale: quali prospettive?\u201d, organizzato dal Dipartimento di Scienze Politiche e delle Relazioni Internazionali dell\u2019Universit\u00e0 di Palermo e dalla Camera Avvocati Tributaristi di Palermo in collaborazione con l\u2019IFEL Fondazione Anci, si terr\u00e0 venerd\u00ec 1 luglio, alle ore 9, presso l\u2019Aula Borsellino del Dems, in via [&hellip;]<\/p>\n","protected":false},"author":18,"featured_media":112566,"comment_status":"closed","ping_status":"closed","sticky":false,"template":"","format":"standard","meta":{"ub_ctt_via":"","_mi_skip_tracking":false},"categories":[2449],"tags":[783],"featured_image_src":"https:\/\/www.messinaoggi.it\/website\/wp-content\/uploads\/2022\/06\/20220628_1028.jpg","author_info":{"display_name":"Admin","author_link":"https:\/\/www.messinaoggi.it\/website\/author\/admin\/"},"digistream_id":0,"digistream":false,"_links":{"self":[{"href":"https:\/\/www.messinaoggi.it\/website\/wp-json\/wp\/v2\/posts\/112565"}],"collection":[{"href":"https:\/\/www.messinaoggi.it\/website\/wp-json\/wp\/v2\/posts"}],"about":[{"href":"https:\/\/www.messinaoggi.it\/website\/wp-json\/wp\/v2\/types\/post"}],"author":[{"embeddable":true,"href":"https:\/\/www.messinaoggi.it\/website\/wp-json\/wp\/v2\/users\/18"}],"replies":[{"embeddable":true,"href":"https:\/\/www.messinaoggi.it\/website\/wp-json\/wp\/v2\/comments?post=112565"}],"version-history":[{"count":0,"href":"https:\/\/www.messinaoggi.it\/website\/wp-json\/wp\/v2\/posts\/112565\/revisions"}],"wp:featuredmedia":[{"embeddable":true,"href":"https:\/\/www.messinaoggi.it\/website\/wp-json\/wp\/v2\/media\/112566"}],"wp:attachment":[{"href":"https:\/\/www.messinaoggi.it\/website\/wp-json\/wp\/v2\/media?parent=112565"}],"wp:term":[{"taxonomy":"category","embeddable":true,"href":"https:\/\/www.messinaoggi.it\/website\/wp-json\/wp\/v2\/categories?post=112565"},{"taxonomy":"post_tag","embeddable":true,"href":"https:\/\/www.messinaoggi.it\/website\/wp-json\/wp\/v2\/tags?post=112565"}],"curies":[{"name":"wp","href":"https:\/\/api.w.org\/{rel}","templated":true}]}}